{"id":1423,"date":"2019-10-24T21:30:39","date_gmt":"2019-10-24T19:30:39","guid":{"rendered":"https:\/\/www.marcelcuvelier.de\/?p=1423"},"modified":"2019-10-24T21:30:39","modified_gmt":"2019-10-24T19:30:39","slug":"hohes-venn-baraque-michel-wanderung","status":"publish","type":"post","link":"https:\/\/www.marcelcuvelier.de\/?p=1423","title":{"rendered":"Hohes Venn: Baraque Michel Wanderung"},"content":{"rendered":"<p>Der Herbst ist nicht meine favorisierte Jahreszeit, aber der Herbst ist sehr farbenfroh. Wenn dann das Wetter noch mitspielt, ist es drau\u00dfen im Freien und vor allem im Wald sehr sch\u00f6n. Das Hohe Venn ist eine Hochmoorlandschaft in unserer Grenzregion zwischen&nbsp;Deutschland&nbsp;und&nbsp;Belgien, genauer mitten im Viereck der St\u00e4dte Eupen (BE), Monschau (DE), Malmedy (BE) und Spa (BE). Das Hohe Venn hat eine Fl\u00e4che von \u00fcber 600 km\u00b2. Hier seht ihr die ungef\u00e4hre Lage des Moors:<\/p>\n<p><a href=\"https:\/\/www.marcelcuvelier.de\/wp-content\/uploads\/2019\/10\/Ungef\u00e4hre-Lage-des-Hohen-Venns.jpg\"><img loading=\"lazy\" decoding=\"async\" class=\"aligncenter size-full wp-image-1424\" src=\"https:\/\/www.marcelcuvelier.de\/wp-content\/uploads\/2019\/10\/Ungef\u00e4hre-Lage-des-Hohen-Venns.jpg\" alt=\"\" width=\"852\" height=\"696\" srcset=\"https:\/\/www.marcelcuvelier.de\/wp-content\/uploads\/2019\/10\/Ungef\u00e4hre-Lage-des-Hohen-Venns.jpg 852w, https:\/\/www.marcelcuvelier.de\/wp-content\/uploads\/2019\/10\/Ungef\u00e4hre-Lage-des-Hohen-Venns-300x245.jpg 300w, https:\/\/www.marcelcuvelier.de\/wp-content\/uploads\/2019\/10\/Ungef\u00e4hre-Lage-des-Hohen-Venns-768x627.jpg 768w, https:\/\/www.marcelcuvelier.de\/wp-content\/uploads\/2019\/10\/Ungef\u00e4hre-Lage-des-Hohen-Venns-830x678.jpg 830w, https:\/\/www.marcelcuvelier.de\/wp-content\/uploads\/2019\/10\/Ungef\u00e4hre-Lage-des-Hohen-Venns-230x188.jpg 230w, https:\/\/www.marcelcuvelier.de\/wp-content\/uploads\/2019\/10\/Ungef\u00e4hre-Lage-des-Hohen-Venns-350x286.jpg 350w, https:\/\/www.marcelcuvelier.de\/wp-content\/uploads\/2019\/10\/Ungef\u00e4hre-Lage-des-Hohen-Venns-480x392.jpg 480w\" sizes=\"auto, (max-width: 852px) 100vw, 852px\" \/><\/a><\/p>\n<p>In der Kernzone des Moors w\u00f6lbt sich der bis zu 694 m hohe Schiefer-Gebirgskamm zum Himmel. Dem Hohen Venn, das durch seine Eigenschaft als Hochmoor wie ein nat\u00fcrlicher Wasserspeicher wirkt, entspringen ein halbes Dutzend Fl\u00fcsse wie z. B. die Rur, Olef, Warche, Schwalm oder Our. Im Venn wurden Pfade und Holzstege angelegt, um zum Schutz der einmaligen Flora und Fauna beizutragen. Der Zugang ist jedoch reglementiert und in drei Zonen unterteilt:<\/p>\n<ul>\n<li>Die B-Zone: Dieser Bereich darf von jedem betreten werden, aber nur auf eigens angelegten Pfaden und mittels Einhaltung gewisser Regeln.<\/li>\n<li>Die C-Zone: Diesen Bereich darf man nur in Begleitung eines anerkannten Naturf\u00fchrers betreten.<\/li>\n<li>Die D-Zone: In dieser Zone ist der Zugang f\u00fcr die \u00d6ffentlichkeit verboten.<\/li>\n<\/ul>\n<p>Die Zug\u00e4nge zu den Zonen k\u00f6nnen durch die aktuelle Wetterlage (im Hochsommer z. B.&nbsp; wegen Brandgefahr) oder andere Umst\u00e4nde eingeschr\u00e4nkt werden.<br \/>\nHunde sind im Naturschutzgebiet grunds\u00e4tzlich nur auf einer kleinen Auswahl an Wegen angeleint erlaubt. Entsprechende Wanderschilder weisen da auch vor Ort nochmals explizit darauf hin.<\/p>\n<p>Es existieren viele m\u00f6gliche Wanderrouten rund um und durch das Hohe Venn. Heute stelle ich euch eine sch\u00f6ne ca. 14 km lange Route vor, auf der man die verschiedensten Facetten des Venns live erleben kann. Ihr werdet sowohl sch\u00f6ne weite Heide-Freifl\u00e4chen, wie auch Bachl\u00e4ufe und Waldfl\u00e4chen sehen. Das H\u00f6henprofil ist der Runde eher einfach gehalten, also f\u00fcr Anf\u00e4nger sehr gut geeignet.<\/p>\n<p>Ihr solltet euch entsprechend kleiden &#8211; vor allem das Schuhwerk sollte passen. Wir sind mit halbhohen Wanderschuhen unterwegs gewesen. Da es sich hier um ein Hochmoor handelt, kann es jederzeit passieren, dass man mit dem Schuh entsprechend tief ins Erdreich eintaucht (auch wenn es zuvor gar nicht danach ausgesehen hat &#8211; glaubt mir, ich wei\u00df genau, wovon ich spreche&#8230; :-)). Nehmt auf jeden Fall Wechselkleidung f\u00fcr nach der Wanderung mit. Wenn es die Tage vor der Wanderung entsprechend geregnet hat, ist die Wahrscheinlichkeit hoch, dass die Kleidung entsprechend eingesaut wird.<\/p>\n<p>Die knapp 14 Kilometer haben wir in gut vier Stunden absolviert. Der H\u00f6henunterschied auf der Route betr\u00e4gt ca. 120 Meter.<\/p>\n<p>Hier findet Ihr den Track der Route als <a href=\"\/wp-content\/uploads\/gpx\/Hohes_Venn_Tour_1-Baraque_Michel.gpx\" target=\"_blank\" rel=\"noopener noreferrer\">GPX Datei<\/a> oder als <a href=\"\/wp-content\/uploads\/2019\/10\/Hohes_Venn_Tour_1-Baraque_Michel.kmz\" target=\"_blank\" rel=\"noopener noreferrer\">KMZ Datei<\/a> zum Nachwandern f\u00fcr euer GPS- oder Navigationsger\u00e4t. Parken k\u00f6nnt ihr am besten direkt am Parkplatz Baraque Michel &#8211; Anschrift f\u00fcrs Navi: <a href=\"https:\/\/goo.gl\/maps\/7Wgf9n3jBmokyswY7\" target=\"_blank\" rel=\"noopener noreferrer\">Baraque Michel, 36, 4845 Jalhay, Belgien<\/a><\/p>\n<p>[sgpx gpx=&#8220;\/wp-content\/uploads\/gpx\/Hohes_Venn_Tour_1-Baraque_Michel.gpx&#8220;]<\/p>\n<p>Und hier findet ihr einige Impressionen der wirklich sehr sch\u00f6nen Runde durchs Hohe Venn:<\/p>\n<p>ngg_shortcode_0_placeholderUnterwegs findet man auch noch den <a href=\"https:\/\/www.geocaching.com\/play\/map?lat=50.51115&amp;lng=6.042249999999967&amp;zoom=13&amp;asc=true&amp;sort=distance&amp;st=GC82B53+-+Croix+des+fianc%C3%A9s\" target=\"_blank\" rel=\"noopener noreferrer\">ein oder anderen Geocache<\/a>, so dass diese Runde prinzipiell auch f\u00fcr Kinder gut geeignet ist. Au\u00dferdem bietet das Umfeld gen\u00fcgend Potential, um den Kindern die Natur n\u00e4her zu bringen und ihnen einiges \u00fcber die vorhandenen Pflanzen zu erz\u00e4hlen. Die Route ist nicht mit Kinderwagen oder Rollstuhl zu absolvieren.<\/p>\n<p>&nbsp;<\/p>\n<div class=\"pdf24Plugin-cp\"> \t<form name=\"pdf24Form0\" method=\"post\" target=\"pdf24PopWin\" action=\"https:\/\/doc2pdf.pdf24.org\/wordpress.php\"><input type=\"hidden\" name=\"blogCharset\" value=\"Cw1x07UAAA==\" \/><input type=\"hidden\" name=\"blogPosts\" value=\"MwQA\" \/><input type=\"hidden\" name=\"blogUrl\" value=\"yygpKSi20tcvLy\/Xy00sSk7NSS4tS83JTC3SS0kFAA==\" \/><input type=\"hidden\" name=\"blogName\" value=\"y00sSk7NSS4tS83JTC3SS0kFAA==\" \/><input type=\"hidden\" name=\"blogValueEncoding\" value=\"gzdeflate base64\" \/><input type=\"hidden\" name=\"postId_0\" value=\"MzQxMgYA\" \/><input type=\"hidden\" name=\"postTitle_0\" value=\"88jPSC1WCEvNy7NScEosSiwsTVXwzUzOSM1RCE\/MS0ktKs1LBwA=\" \/><input type=\"hidden\" name=\"postLink_0\" value=\"yygpKSi20tcvLy\/Xy00sSk7NSS4tS83JTC3SS0nVty+wNTQxMgYA\" \/><input type=\"hidden\" name=\"postAuthor_0\" value=\"800sSk7NAQA=\" \/><input type=\"hidden\" name=\"postDateTime_0\" value=\"MzIwtNQ1NNA1MlEwMrQyNLAytgQA\" \/><input type=\"hidden\" name=\"postContent_0\" value=\"tVjLbttIFt33VxQ06CBB9JbfsTyIY8dOp\/NAHu2ZDAZGSSySFRWLnKqiZetDepuNv2AWWWU1+rE59xallnsaaAQDG7BNUqz7vueeq8Pq6EQ5ca7cxAeh8Wv1NA+iUNoqkcqr0mmvlQtK\/CRzp\/xC6dAWcoJDyd2DXuUOJ9xE2dSVeVdcKGtFIvmPx10IOGDLaS4KHXyllYEkOqm8SJysl1+UFboQz53SuKptIqBeSGNUQc8vpEmiFj\/Nl19tV5xA7nmZK\/ELqWJRZPY5dBRl6Yy0CV6VKQwkeV45WHDmlF04lenSisVc4wVlH9iJr56cqDrglo7FB\/Xq4liZDDa1RaasrCEEHoRo7S+IjprOOBrvw\/I2QahO6wofPjw+fdQWr0pLNtTi4QnfSlOo5IY\/ZBffV5Jvfu9NLhtvnpvlLWxELKxYfqPA7\/T7Ylb8599dcQ7lFBI4iLAkWkFkptLlLVIlfpaZglkeJpTOHxz2qqMfDqujQynwaTpu5SFU\/qDXm8\/n3UK6qTLT+koZiOwmqjevOtPSwsnQqytTysT3hv3Bfm\/Q731c6+iQjg50dMhw2yHLffdzlbWODnWRCTqnbTZuGbm4acGYaRnvpb+x05aYGuk97ozO7BSqyBu9UJ20NkbAAl2Q\/MHWcKslvJves80otTButcRcJyEft\/a2hy2RK53leLqzv8MmeBXu1woBtfO2uC8VnVG\/fz3c2mZVuL5PVbs7e9c7w11Whev7VLU36l\/v7O7FAI7u1ashVA32oqrh\/aoabSNXezsxV9v3qmprr3892h+yKlzPW9yI1Jt1KNviYSGvO9wXB1Sg1fUjMej3r2AR37VE7+iwJ49WGPPCMh6+VM4uSruBQmK+\/GomGBaYMvzKRHuxqMXO\/pYoRE7o936aa5Uq1zlTE+0yP5NFgVcKgF1RKAOcxDhg0xko2zxdktpBoGfAPNVA6Qb3pfHrcYC+VgSpwsqw\/OYMTIABF0Ag5Xyl4u1cuxnGEkLoKweoghY6kkszgQ8ndVgogDYw+RuOscRFVxx3GXvf1a4t3hiVtiEV9qg2OTMH4ouSfH1Tu654UUR8n9cugfC3qUwUD4Lz0ix8UMBsCbVGZTCjjp5DChRzvGBMQXCJo89N6SQffS5rK8VE6UUdHLJLoxHvfqoziOK5+FklNHgx9jBM4RyNdD4K3xLMW\/EJaaIZGWjWaxOacVEb\/DH66ATuHXfopQOBa0RMHGPucRalS3k4QQcyM1HBKZqNc0UONlzB1hjkdQrzKTdrD1cBiNOehyoSdqot4h0wyjBvMaFJ2zsExtjuYQ\/GrC16tmmRvWtRIS1r1fQcXmuWRwVC6pWbgZiQ\/tcy1C5dfkNnoDxX1v9O0UmjiOo6ek\/3HNnkt0BDShzCy1\/TFEGmCptBsbgCSyo3pPY4rBWLxtnlLcJBXUCBiImYgd\/Q\/1jXJFPOQq1AhRoiZWi4P9QFV7cv0RkuVmIkLIg+lcixA5dB44O6PYo1iHtESXwsPLgKrikimUK3ONzOQpO17uHEoaV\/OK\/pFa+pUIoYKs+1mKE3VRCZwwt+eRsW5OtGlhFgMTP034qntZ\/L3EA1bCerYva1BcGBH\/UkdMUp95siLgaFF2wlNGlDNs+VpvQmEsKhhUjhG5QvUcmCGlxdV0YvEGckntTnmiIdkeiUPkaeiKVZcQXSqUSx\/Jpx9zeKXFlTJZAv1HH0r4n7JiMD2wI\/RDQCp4H8VWQOY05kpEpMZVcMtsDOhCEvxTsSTRa3OTDkDRUmJfQqeoimsZ7UP5dTxaSSwJJBWRh9pShGakIlIcmGF7mLOQKGlvMSYV2pRpSg6lzpRHWIQqeRN6IDCaU4cscS7HZ5W6cRcYhQr94iFqlWlHr5FdeVK1Nt1jX+jktB5RGDUkhCc1Kbco8bX8byf2pTLmcXmXpWo0gUut6qsM4J+eBLg6OhCeFG9rlsqBEe\/GVvOBg82dgBKB0EhTkCMGskiIrwG4ZfaBcLFSjCcJ3ziFiXUp2v8A2t4QlYlI8O0\/7B8ygnNo0CIMBfD42cBNCmQvGnVwnmHK1BrJrrimeQ58ySdoJBtvOuY6jBFHAEfHNJBCrqAUpMEA85P3MVVSxqcjqTrtnGsERRvGXt0aqUJ94OVgHKuIegGUWmWYpefombCnJfEjTT48YQOjXqPxEHnUfYOV6rvAhcmuQWFSGI9wXe88pwIuoVrrEFCQ9Miig9h6\/NlkcbHIrsA4ESmX73vTtRQGkoqgZyIa5\/dPICCEWbmLZr0MyRgSaw9MbLlTV3pEX0AkehwZ2sK4yAdWZlVVEzvtSmLBTtFrmkRsKbNBWoNK80b21U2oClCUqKnoQ4PmMbcMnERl23cOxqmhXL2yzEph\/2xStSsraBd7MUFQlfqeJJxQcnm1UxiiD0Wu9jf0Tfsuq6RwjkLwkRLj+UtbscdI6Bc\/+q1eUrAjHTzYiABeky2k0uJ0CeWQuj3oxbtiyxifLa7YhTYca1js7e\/g1VjylPjK2ZCn9mx4pG\/qkts2LxPba8fPVpwxbiOq8lUSYqHRsLT9G+ffb2fSea+lpe6UwGbO9oBsQfyXor3Ww1M+MmLImHMKom2imMNTygtyojwaMak0U0ed1HT4k0Og3WSHo9azoQ\/7MuZ2XZzUyvkJXv7V5k6b4dfT4uytmNn\/9993t8v2tGW4x22qDeW9viJ2lyedMWzbcOm8T6Hx7JFvgdk9XD\/pP\/p2gaEf9cCf+Ihso3qpYiiQYDZQNrRcsB7ZicJA1P5pm\/8YUMPopTgqfnxuhcf\/dgs+zS56ULU+Tysn+JfExVXtKU\/7iG5kY7oSmjIn9lRN3zh99cZKqcomSAA91pWfQg8YZy81dkerzd724PBoPtB7KonhibjXe6\/a3hcGu\/+dnZ5U8WZVmMByO+ln46Dq5WfONh6TgBRkk7bZ6E8dmzveHx9uhx5\/EzV+rrxxjXj1ONN358Nvrx6b7\/nhKgSbNBy6w4i94oynkbI26Nf141saWtZKHp2zMTw8NN8pJidnfcErZ2Qb6WX4guoCFA2FTgIfqxSJUhKLbLbxnB6Ftip0FLwysHxToKjEyFeZ+w2B6JZNZi0ixGvD\/kNq5IqBLffD\/F7KZ0PDktU3zEAXsTncXohBzDk1ev+NHG944A\/qh6TntMDM47THofanAdCFijtPqN5EXOy3f\/BQ==\" \/><\/form> \t<div class=\"pdf24Plugin-cp-link\"> \t\t<a href=\"#\" onclick=\"var pdf24Win = window.open('about:blank', 'pdf24PopWin', 'resizable=yes,scrollbars=yes,width=600,height=250,left='+(screen.width\/2-300)+',top='+(screen.height\/3-125)+''); pdf24Win.focus(); document.pdf24Form0.submit(); if(typeof pdf24OnCreatePDF === 'function'){void(pdf24OnCreatePDF(this,pdf24Win));} return false;\">Diesen Beitrag als PDF herunterladen<\/a> \t<\/div> <\/div>","protected":false},"excerpt":{"rendered":"<p>Der Herbst ist nicht meine favorisierte Jahreszeit, aber der Herbst ist sehr farbenfroh. Wenn dann das Wetter noch mitspielt, ist es drau\u00dfen im Freien und vor allem im Wald sehr sch\u00f6n. Das Hohe Venn ist eine Hochmoorlandschaft in unserer Grenzregion zwischen&nbsp;Deutschland&nbsp;und&nbsp;Belgien, genauer mitten im Viereck der St\u00e4dte Eupen (BE), Monschau (DE), Malmedy (BE) und Spa (BE). Das Hohe Venn hat eine Fl\u00e4che von \u00fcber 600 km\u00b2. Hier seht ihr die ungef\u00e4hre Lage des Moors: In der Kernzone des Moors w\u00f6lbt [&hellip;]<\/p>\n","protected":false},"author":1,"featured_media":1479,"comment_status":"open","ping_status":"open","sticky":false,"template":"","format":"standard","meta":{"ngg_post_thumbnail":0,"jetpack_post_was_ever_published":false,"_jetpack_newsletter_access":"","_jetpack_dont_email_post_to_subs":false,"_jetpack_newsletter_tier_id":0,"_jetpack_memberships_contains_paywalled_content":false,"_jetpack_memberships_contains_paid_content":false,"footnotes":"","jetpack_publicize_message":"","jetpack_publicize_feature_enabled":true,"jetpack_social_post_already_shared":true,"jetpack_social_options":{"image_generator_settings":{"template":"highway","default_image_id":0,"font":"","enabled":false},"version":2}},"categories":[109,108],"tags":[332,306,333,305,304,307,308,143,345,342,341,340,324,329,328,336,303,335,319,301,316,317,318,325,327,347,346,337,309,338,330,311,314,344,315,331,326,310,322,321,323,313,348,343,334,302,312,339,320],"class_list":["post-1423","post","type-post","status-publish","format-standard","has-post-thumbnail","hentry","category-outdoor-adventure","category-urlaub","tag-anfaenger","tag-b-zone","tag-bachlaeufe","tag-baraque-michel","tag-belgien","tag-c-zone","tag-d-zone","tag-deutschland","tag-eupen","tag-fauna","tag-flora","tag-fluesse","tag-geocache","tag-gps","tag-gpx","tag-heide","tag-herbst","tag-hoehenprofil","tag-hoehenunterschied","tag-hohes-venn","tag-holzstege","tag-hund","tag-hunde","tag-impressionen","tag-kmz","tag-malmedy","tag-monschau","tag-moor","tag-naturfuehrers","tag-navi","tag-navigationsgeraet","tag-olef","tag-our","tag-parkplatz","tag-pfade","tag-route","tag-runde","tag-rur","tag-schuh","tag-schuhe","tag-schuhwerk","tag-schwalm","tag-spa","tag-track","tag-waldflaechen","tag-wanderung","tag-warche","tag-wasserspeicher","tag-wechselkleidung"],"jetpack_publicize_connections":[],"jetpack_featured_media_url":"https:\/\/www.marcelcuvelier.de\/wp-content\/uploads\/2019\/10\/Beitragsbild-Hohes-Venn-Baraque-Michel.jpg","jetpack_shortlink":"https:\/\/wp.me\/p4qNjn-mX","jetpack_sharing_enabled":true,"jetpack_likes_enabled":true,"_links":{"self":[{"href":"https:\/\/www.marcelcuvelier.de\/index.php?rest_route=\/wp\/v2\/posts\/1423","targetHints":{"allow":["GET"]}}],"collection":[{"href":"https:\/\/www.marcelcuvelier.de\/index.php?rest_route=\/wp\/v2\/posts"}],"about":[{"href":"https:\/\/www.marcelcuvelier.de\/index.php?rest_route=\/wp\/v2\/types\/post"}],"author":[{"embeddable":true,"href":"https:\/\/www.marcelcuvelier.de\/index.php?rest_route=\/wp\/v2\/users\/1"}],"replies":[{"embeddable":true,"href":"https:\/\/www.marcelcuvelier.de\/index.php?rest_route=%2Fwp%2Fv2%2Fcomments&post=1423"}],"version-history":[{"count":16,"href":"https:\/\/www.marcelcuvelier.de\/index.php?rest_route=\/wp\/v2\/posts\/1423\/revisions"}],"predecessor-version":[{"id":1480,"href":"https:\/\/www.marcelcuvelier.de\/index.php?rest_route=\/wp\/v2\/posts\/1423\/revisions\/1480"}],"wp:featuredmedia":[{"embeddable":true,"href":"https:\/\/www.marcelcuvelier.de\/index.php?rest_route=\/wp\/v2\/media\/1479"}],"wp:attachment":[{"href":"https:\/\/www.marcelcuvelier.de\/index.php?rest_route=%2Fwp%2Fv2%2Fmedia&parent=1423"}],"wp:term":[{"taxonomy":"category","embeddable":true,"href":"https:\/\/www.marcelcuvelier.de\/index.php?rest_route=%2Fwp%2Fv2%2Fcategories&post=1423"},{"taxonomy":"post_tag","embeddable":true,"href":"https:\/\/www.marcelcuvelier.de\/index.php?rest_route=%2Fwp%2Fv2%2Ftags&post=1423"}],"curies":[{"name":"wp","href":"https:\/\/api.w.org\/{rel}","templated":true}]}}