{"id":1897,"date":"2020-06-18T13:11:13","date_gmt":"2020-06-18T11:11:13","guid":{"rendered":"https:\/\/www.marcelcuvelier.de\/?p=1897"},"modified":"2020-06-18T22:54:32","modified_gmt":"2020-06-18T20:54:32","slug":"projekt-aussenkueche-startschuss","status":"publish","type":"post","link":"https:\/\/www.marcelcuvelier.de\/?p=1897","title":{"rendered":"Projekt Au\u00dfenk\u00fcche: Startschuss"},"content":{"rendered":"<p>In diesem Jahr setze ich endlich ein etwas gr\u00f6\u00dferes Projekt in die Tat um: PROJEKT AU\u00dfENK\u00dcCHE. Schon seit einigen Jahren bin ich total von der Idee angetan, drau\u00dfen eine eigene K\u00fcche zu errichten. Im Sommer ist man eh die meiste Zeit drau\u00dfen und bei h\u00f6heren Temperaturen hat man auch keine Lust &#8222;drinnen&#8220; am Herd zu stehen, um zu kochen. Au\u00dferdem w\u00e4rmt man ja durch das Kochen selber noch zus\u00e4tzlich das Haus ein, wenn es schon so warm ist. Wir haben ein Niedrigenergiehaus &#8211; dessen Aufgabe ist es W\u00e4rme\/K\u00e4lte zu speichern. Ist es einmal warm, speichert das Haus das auch.&nbsp;<\/p>\n<p>Aber was sollte eine Au\u00dfenk\u00fcche alles beherbergen? Was ist zwingend n\u00f6tig und was w\u00e4re sch\u00f6n zu haben? Ich habe in den vergangenen Monaten viel in den verschiedensten Foren und Sozialen Medien gelesen und anguckt. Hier kann man sich super inspirieren lassen, um eigene Ideen daraus zu entwickeln. Nun stellt man sich selber aber ganz viele Fragen:<\/p>\n<ul>\n<li>Wo positioniere ich die Au\u00dfenk\u00fcche am besten?<\/li>\n<li>Mit welchen Materialien setze ich das Projekt um?<\/li>\n<li>Was will ich alles in die K\u00fcche integrieren?<\/li>\n<li>Wie soll der Schnitt der K\u00fcche aussehen?<\/li>\n<li>Wie viel Arbeitsfl\u00e4che ben\u00f6tige ich?<\/li>\n<li>usw.<\/li>\n<\/ul>\n<p>Ich wei\u00df nicht mehr, wie oft ich schon mit dem Zollstock und dem Bandma\u00df \u00fcber die Terrasse getigert bin, um zu messen, wie viel Platz an welchen Stellen ist, wie eine K\u00fcche als L-Form sich machen w\u00fcrde oder doch eher als U-Form, Links oder Rechts positioniert&#8230; Als ich die Ma\u00dfe genommen hatte, habe ich angefangen zu zeichnen &#8211; ganz konservativ mit Papier und Bleistift. Wollte das anschlie\u00dfend immer mal mit SketchUp digitalisieren &#8211; habe aber bisher keine Zeit dazu gefunden (und ich glaube, jetzt macht das auch keinen Sinn mehr).<\/p>\n<p>Als meine Frau und ich uns dann einig waren, welche Form und wie gro\u00df wir die K\u00fcche gestalten wollen, habe ich sie mal mit Kreide auf der gedachten Fl\u00e4che angezeichnet.&nbsp;<\/p>\n<p><a href=\"https:\/\/www.marcelcuvelier.de\/wp-content\/uploads\/2020\/06\/20200410_161907-scaled.jpg\"><img loading=\"lazy\" decoding=\"async\" class=\"aligncenter size-full wp-image-1899\" src=\"https:\/\/www.marcelcuvelier.de\/wp-content\/uploads\/2020\/06\/20200410_161907-scaled.jpg\" alt=\"\" width=\"2560\" height=\"1244\" srcset=\"https:\/\/www.marcelcuvelier.de\/wp-content\/uploads\/2020\/06\/20200410_161907-scaled.jpg 2560w, https:\/\/www.marcelcuvelier.de\/wp-content\/uploads\/2020\/06\/20200410_161907-300x146.jpg 300w, https:\/\/www.marcelcuvelier.de\/wp-content\/uploads\/2020\/06\/20200410_161907-1024x498.jpg 1024w, https:\/\/www.marcelcuvelier.de\/wp-content\/uploads\/2020\/06\/20200410_161907-768x373.jpg 768w, https:\/\/www.marcelcuvelier.de\/wp-content\/uploads\/2020\/06\/20200410_161907-1536x747.jpg 1536w, https:\/\/www.marcelcuvelier.de\/wp-content\/uploads\/2020\/06\/20200410_161907-2048x996.jpg 2048w, https:\/\/www.marcelcuvelier.de\/wp-content\/uploads\/2020\/06\/20200410_161907-830x403.jpg 830w, https:\/\/www.marcelcuvelier.de\/wp-content\/uploads\/2020\/06\/20200410_161907-230x112.jpg 230w, https:\/\/www.marcelcuvelier.de\/wp-content\/uploads\/2020\/06\/20200410_161907-350x170.jpg 350w, https:\/\/www.marcelcuvelier.de\/wp-content\/uploads\/2020\/06\/20200410_161907-480x233.jpg 480w\" sizes=\"auto, (max-width: 2560px) 100vw, 2560px\" \/><\/a><\/p>\n<p>Die aufgezeichnete Fl\u00e4che sah dann so aus, wie auf dem Foto hier oben (\u00dcbrigens, ich finde das Foto wegen der Hummel im Bild einfach grandios!).<\/p>\n<p>Der Schnitt ist nun auch &#8222;live&#8220; f\u00fcr gut befunden worden und damit war dann der Startschuss erfolgt. Auf geht&#8217;s: Rechnen, Messen, Bestellen, Schleppen, Bauen etc.<\/p>\n<p>Vor einiger Zeit habe ich mich in einem neuen Gasgrill verliebt &#8211; einen Napoleon Prestige Pro. Den habe ich mir auch bei Santos in K\u00f6ln live angesehen und war mir sp\u00e4testes da sicher, dass das der Nachfolger f\u00fcr meinen Weber Spirit werden soll. Da ich ja jetzt eine Au\u00dfenk\u00fcche realisiere, wird der neue Grill auch ein sogenannter Einbaugrill. Obacht: Jetzt im Nachhinein wei\u00df ich, dass die Einbaugrillvariante um einiges aufw\u00e4ndiger zu integrieren ist als der &#8222;normale&#8220; Grill mit Unterschrank.&nbsp;<\/p>\n<p>Hier mal einen Auszug aus der Einbauanleitung bzw. Vorgaben f\u00fcrs Mauerwerk \/ Positionierung und Schalung:<\/p>\n<p><a href=\"https:\/\/www.marcelcuvelier.de\/wp-content\/uploads\/2020\/06\/Napoleon-Prestige-Pro-665-Einbau-v2.png\"><br \/>\n<img loading=\"lazy\" decoding=\"async\" class=\"size-full wp-image-1902 aligncenter\" src=\"https:\/\/www.marcelcuvelier.de\/wp-content\/uploads\/2020\/06\/Napoleon-Prestige-Pro-665-Einbau-v2.png\" alt=\"\" width=\"835\" height=\"918\" srcset=\"https:\/\/www.marcelcuvelier.de\/wp-content\/uploads\/2020\/06\/Napoleon-Prestige-Pro-665-Einbau-v2.png 835w, https:\/\/www.marcelcuvelier.de\/wp-content\/uploads\/2020\/06\/Napoleon-Prestige-Pro-665-Einbau-v2-273x300.png 273w, https:\/\/www.marcelcuvelier.de\/wp-content\/uploads\/2020\/06\/Napoleon-Prestige-Pro-665-Einbau-v2-768x844.png 768w, https:\/\/www.marcelcuvelier.de\/wp-content\/uploads\/2020\/06\/Napoleon-Prestige-Pro-665-Einbau-v2-830x913.png 830w, https:\/\/www.marcelcuvelier.de\/wp-content\/uploads\/2020\/06\/Napoleon-Prestige-Pro-665-Einbau-v2-230x253.png 230w, https:\/\/www.marcelcuvelier.de\/wp-content\/uploads\/2020\/06\/Napoleon-Prestige-Pro-665-Einbau-v2-350x385.png 350w, https:\/\/www.marcelcuvelier.de\/wp-content\/uploads\/2020\/06\/Napoleon-Prestige-Pro-665-Einbau-v2-480x528.png 480w\" sizes=\"auto, (max-width: 835px) 100vw, 835px\" \/><\/a><\/p>\n<p>Es gilt also einiges zu beachten!<em> Ich freue mich schon auf die Erstellung der Schalung f\u00fcr den Betonsockel (Ironie Ende).<\/em><\/p>\n<p>Nun gut, dann starten wir mal. Als erstes mussten die Pflastersteine im geplanten Bereich weichen. Bevor es nun mit der eigentlichen K\u00fcche weiterging, musste erst einmal gestemmt werden, denn die Zuleitungen aus der Garage sollten in einem entsprechenden Leerrohr in die Au\u00dfenk\u00fcche gef\u00fchrt werden. Das hat dann zwei Nachmittage und viele Nerven gekostet. In der Garage war am geplanten Durchbruch (direkt neben dem Wasserwerk) fast gar kein Platz zum Stemmen und das Fundament der Garage ist entsprechend dick. Egal &#8211; ich hab es irgendwie hinbekommen und das Leerrohr samt Inhalt an den geplanten Ort verlegt.&nbsp;<\/p>\n<p>Danach musste die Schalung f\u00fcr das Betonfundament erstellt werden und die Bewehrung geschnitten und verdrillt werden. Die Bewehrung im Beton dient zur Verst\u00e4rkung des Tragverhaltens. Beton kann Druckkr\u00e4fte aufnehmen, Zug- und Biegezugkr\u00e4fte m\u00fcssen von einer Bewehrung aufgenommen werden. Bei St\u00fctzen unterst\u00fctzt die Bewehrung ebenfalls die Druckkr\u00e4fte.&nbsp;<\/p>\n<p><a href=\"https:\/\/www.marcelcuvelier.de\/wp-content\/uploads\/2020\/06\/20200519_120048-scaled.jpg\"><img loading=\"lazy\" decoding=\"async\" class=\"aligncenter size-full wp-image-1904\" src=\"https:\/\/www.marcelcuvelier.de\/wp-content\/uploads\/2020\/06\/20200519_120048-scaled.jpg\" alt=\"\" width=\"2560\" height=\"1244\" srcset=\"https:\/\/www.marcelcuvelier.de\/wp-content\/uploads\/2020\/06\/20200519_120048-scaled.jpg 2560w, https:\/\/www.marcelcuvelier.de\/wp-content\/uploads\/2020\/06\/20200519_120048-300x146.jpg 300w, https:\/\/www.marcelcuvelier.de\/wp-content\/uploads\/2020\/06\/20200519_120048-1024x498.jpg 1024w, https:\/\/www.marcelcuvelier.de\/wp-content\/uploads\/2020\/06\/20200519_120048-768x373.jpg 768w, https:\/\/www.marcelcuvelier.de\/wp-content\/uploads\/2020\/06\/20200519_120048-1536x747.jpg 1536w, https:\/\/www.marcelcuvelier.de\/wp-content\/uploads\/2020\/06\/20200519_120048-2048x996.jpg 2048w, https:\/\/www.marcelcuvelier.de\/wp-content\/uploads\/2020\/06\/20200519_120048-830x403.jpg 830w, https:\/\/www.marcelcuvelier.de\/wp-content\/uploads\/2020\/06\/20200519_120048-230x112.jpg 230w, https:\/\/www.marcelcuvelier.de\/wp-content\/uploads\/2020\/06\/20200519_120048-350x170.jpg 350w, https:\/\/www.marcelcuvelier.de\/wp-content\/uploads\/2020\/06\/20200519_120048-480x233.jpg 480w\" sizes=\"auto, (max-width: 2560px) 100vw, 2560px\" \/><\/a><\/p>\n<p>Ich habe die Chance genutzt und einige Hauptstromleitungen (f\u00fcr Schalter und Steckdosen) im Leerrohr innerhalb des Betonfundaments zu verlegen, damit ich nicht \u00fcberall Schlitzen und Stemmen muss. Danach hie\u00df es dann auch schon Betonieren und nach Trocknung des Betons, die Schalung entfernen und dann Abschwei\u00dfen, um aufsteigende Feuchtigkeit im Mauerwerk zu vermeiden.<\/p>\n<p><a href=\"https:\/\/www.marcelcuvelier.de\/wp-content\/uploads\/2020\/06\/20200525_200009-scaled.jpg\"><img loading=\"lazy\" decoding=\"async\" class=\"aligncenter size-full wp-image-1905\" src=\"https:\/\/www.marcelcuvelier.de\/wp-content\/uploads\/2020\/06\/20200525_200009-scaled.jpg\" alt=\"\" width=\"2560\" height=\"1244\" srcset=\"https:\/\/www.marcelcuvelier.de\/wp-content\/uploads\/2020\/06\/20200525_200009-scaled.jpg 2560w, https:\/\/www.marcelcuvelier.de\/wp-content\/uploads\/2020\/06\/20200525_200009-300x146.jpg 300w, https:\/\/www.marcelcuvelier.de\/wp-content\/uploads\/2020\/06\/20200525_200009-1024x498.jpg 1024w, https:\/\/www.marcelcuvelier.de\/wp-content\/uploads\/2020\/06\/20200525_200009-768x373.jpg 768w, https:\/\/www.marcelcuvelier.de\/wp-content\/uploads\/2020\/06\/20200525_200009-1536x747.jpg 1536w, https:\/\/www.marcelcuvelier.de\/wp-content\/uploads\/2020\/06\/20200525_200009-2048x996.jpg 2048w, https:\/\/www.marcelcuvelier.de\/wp-content\/uploads\/2020\/06\/20200525_200009-830x403.jpg 830w, https:\/\/www.marcelcuvelier.de\/wp-content\/uploads\/2020\/06\/20200525_200009-230x112.jpg 230w, https:\/\/www.marcelcuvelier.de\/wp-content\/uploads\/2020\/06\/20200525_200009-350x170.jpg 350w, https:\/\/www.marcelcuvelier.de\/wp-content\/uploads\/2020\/06\/20200525_200009-480x233.jpg 480w\" sizes=\"auto, (max-width: 2560px) 100vw, 2560px\" \/><\/a><\/p>\n<p>Um die bestehenden W\u00e4nde (Garage, Trennmauer und eine Seite des Kr\u00e4uterbeets) ein wenig zu sch\u00fctzen, habe ich 1 cm dicke Styroporplatten vorgesehen\/gesetzt. Danach konnten dann die ersten Kalksandsteine gesetzt werden. Ich habe mich f\u00fcr 11,5er KS-Steine in verschiedenen Formaten entschieden, um schnell Fl\u00e4che zu schaffen, aber dennoch nicht zu dicke W\u00e4nde zu erzeugen. Die unterste Lage habe ich in normalen M\u00f6rtel gesetzt und danach dann die n\u00e4chsten Reihen MIT Silka D\u00fcnnbettm\u00f6rtel geklebt.<\/p>\n<p><a href=\"https:\/\/www.marcelcuvelier.de\/wp-content\/uploads\/2020\/06\/20200605_085040-scaled.jpg\"><img loading=\"lazy\" decoding=\"async\" class=\"aligncenter size-full wp-image-1907\" src=\"https:\/\/www.marcelcuvelier.de\/wp-content\/uploads\/2020\/06\/20200605_085040-scaled.jpg\" alt=\"\" width=\"2560\" height=\"1244\" srcset=\"https:\/\/www.marcelcuvelier.de\/wp-content\/uploads\/2020\/06\/20200605_085040-scaled.jpg 2560w, https:\/\/www.marcelcuvelier.de\/wp-content\/uploads\/2020\/06\/20200605_085040-300x146.jpg 300w, https:\/\/www.marcelcuvelier.de\/wp-content\/uploads\/2020\/06\/20200605_085040-1024x498.jpg 1024w, https:\/\/www.marcelcuvelier.de\/wp-content\/uploads\/2020\/06\/20200605_085040-768x373.jpg 768w, https:\/\/www.marcelcuvelier.de\/wp-content\/uploads\/2020\/06\/20200605_085040-1536x747.jpg 1536w, https:\/\/www.marcelcuvelier.de\/wp-content\/uploads\/2020\/06\/20200605_085040-2048x996.jpg 2048w, https:\/\/www.marcelcuvelier.de\/wp-content\/uploads\/2020\/06\/20200605_085040-830x403.jpg 830w, https:\/\/www.marcelcuvelier.de\/wp-content\/uploads\/2020\/06\/20200605_085040-230x112.jpg 230w, https:\/\/www.marcelcuvelier.de\/wp-content\/uploads\/2020\/06\/20200605_085040-350x170.jpg 350w, https:\/\/www.marcelcuvelier.de\/wp-content\/uploads\/2020\/06\/20200605_085040-480x233.jpg 480w\" sizes=\"auto, (max-width: 2560px) 100vw, 2560px\" \/><\/a><\/p>\n<p>Auch die ersten UP Dosen (f\u00fcr Steckdosen) konnten jetzt gesetzt schon werden. Habe vor dem Setzen des Steins entsprechend mit dem Winkelschleifer die Schlitze vorbereitet und mit einer Krone danach die UP \u00d6ffnungen gebohrt.<\/p>\n<p><a href=\"https:\/\/www.marcelcuvelier.de\/wp-content\/uploads\/2020\/06\/20200606_204454-scaled.jpg\"><img loading=\"lazy\" decoding=\"async\" class=\"aligncenter size-full wp-image-1908\" src=\"https:\/\/www.marcelcuvelier.de\/wp-content\/uploads\/2020\/06\/20200606_204454-scaled.jpg\" alt=\"\" width=\"2560\" height=\"1244\" srcset=\"https:\/\/www.marcelcuvelier.de\/wp-content\/uploads\/2020\/06\/20200606_204454-scaled.jpg 2560w, https:\/\/www.marcelcuvelier.de\/wp-content\/uploads\/2020\/06\/20200606_204454-300x146.jpg 300w, https:\/\/www.marcelcuvelier.de\/wp-content\/uploads\/2020\/06\/20200606_204454-1024x498.jpg 1024w, https:\/\/www.marcelcuvelier.de\/wp-content\/uploads\/2020\/06\/20200606_204454-768x373.jpg 768w, https:\/\/www.marcelcuvelier.de\/wp-content\/uploads\/2020\/06\/20200606_204454-1536x747.jpg 1536w, https:\/\/www.marcelcuvelier.de\/wp-content\/uploads\/2020\/06\/20200606_204454-2048x996.jpg 2048w, https:\/\/www.marcelcuvelier.de\/wp-content\/uploads\/2020\/06\/20200606_204454-830x403.jpg 830w, https:\/\/www.marcelcuvelier.de\/wp-content\/uploads\/2020\/06\/20200606_204454-230x112.jpg 230w, https:\/\/www.marcelcuvelier.de\/wp-content\/uploads\/2020\/06\/20200606_204454-350x170.jpg 350w, https:\/\/www.marcelcuvelier.de\/wp-content\/uploads\/2020\/06\/20200606_204454-480x233.jpg 480w\" sizes=\"auto, (max-width: 2560px) 100vw, 2560px\" \/><\/a><\/p>\n<p>Stay tuned. Ich berichte in den n\u00e4chsten Wochen weiter. \ud83d\ude09<\/p>\n<div class=\"pdf24Plugin-cp\"> \t<form name=\"pdf24Form0\" method=\"post\" target=\"pdf24PopWin\" action=\"https:\/\/doc2pdf.pdf24.org\/wordpress.php\"><input type=\"hidden\" name=\"blogCharset\" value=\"Cw1x07UAAA==\" \/><input type=\"hidden\" name=\"blogPosts\" value=\"MwQA\" \/><input type=\"hidden\" name=\"blogUrl\" value=\"yygpKSi20tcvLy\/Xy00sSk7NSS4tS83JTC3SS0kFAA==\" \/><input type=\"hidden\" name=\"blogName\" value=\"y00sSk7NSS4tS83JTC3SS0kFAA==\" \/><input type=\"hidden\" name=\"blogValueEncoding\" value=\"gzdeflate base64\" \/><input type=\"hidden\" name=\"postId_0\" value=\"M7SwNAcA\" \/><input type=\"hidden\" name=\"postTitle_0\" value=\"CyjKz0rNLlFwLD08PzUv+\/Ce5IxUK4XgksSikuLkjNLiYgA=\" \/><input type=\"hidden\" name=\"postLink_0\" value=\"yygpKSi20tcvLy\/Xy00sSk7NSS4tS83JTC3SS0nVty+wNbSwNAcA\" \/><input type=\"hidden\" name=\"postAuthor_0\" value=\"800sSk7NAQA=\" \/><input type=\"hidden\" name=\"postDateTime_0\" value=\"MzIwMtA1MNM1tFAwNLYyMLMyNAYA\" \/><input type=\"hidden\" name=\"postContent_0\" value=\"vVvBbttIEr3PV\/R4gUEC2LIkS7acOB4462TicZIxxskYyCVoiS2yR2RT6G5ajv5gf2CxhwFyyTfklJt+aD9hX1WTFO01sFmEysUipe6q6urqeq+K9NH8+MyISCunMvGrTKxwyi+V0JNEKBOl\/KmNUH4hnYjt6vPqo7LKiQub\/6lmXmieLd5IL4rskbj4\/bdfn52\/ESdvVx+fvT5f\/fX3F8864nKS5AaStSdhOlaGdeFjjPmkw+depuIaoyJlxVmklJAmVl6abRFZWUCrobkKfzBdifPVl0mixLIQylpI8Mp0xFkmLvMsgwTtvMgkpiRsXqbwhRLvyIJaXGEiMVZaJKvPiSJj3qhsrqz0Bd0kMkiQBcybseqXBaT+9LdRv99\/HFltjDJ8130sZCZeKBuRPVCUKJhdZHQ3y2EmTDshnTaClxerTzYLsv+UIios5Edw7jmPhJfSMRZgcIf5bvXJL3kXaMgLWTjywrZYKIPFOeGCZ3OxkDajVXfElbYwfhz8JV5rBVPJZTbWKiEBZHOv9xiedg6jToppjOHsMki8IvPU7vnqU+rZv26uoF9Z8m8YArkZdotUbtc\/+7WFdEFu6\/xkxm7++Gh3fvzD0fz4hNZFYeTylGSzT9kvZhZ2U6YpxI\/hP4uxMPpncYXxZNlyoREP2DGz+ux1zJtHssibityw+mzIWl75z+IMHkt4VRRRRlxDHAUUtky8yo309J1WaeN3yICvlHH02\/PclhFymS+1TGmaQiQZESvYWP4GicVkBp+\/0FjaTGJPaFsd7Zcr5hSHxs211RxeqSR\/c2CUQUxxDv3SktcolI1f6MlMpfD168JQKMFTDZkhNiT9wXKWvAQlnlsJcY+Cn4sUf1J9fJWLee6017kh9XzK6CjcdngGb9OCfz7axRye+ApnZKFSDsZXcJTF8jUHZpUYaH+r819kjam0WQudpjwqbGaZH8rjqo1XcXBHcxoGUEzw2UeuMNp7vi5nwTuOztSdKbx\/J4gU7d00XX2iodh8jg82tDG+cItOebfLHkLeg40LpVcfhaH8gRyRWBwsCM6nnlcQDldGOQPn9h0sdD6fzHjr6Zun0kSZhIDVF9oRzoPIRrTNCBOyAqdirOtckKkQAIvK+ItU+iWiqPb3JW04PhHxYRifkcoNqRMvdxCZWYiGTPKcxeoL8orIyWERZQ06Pjz4LQ\/eFi+1mbkw4HeFpbpmZHhKB3tIYSeYUQXJK6yK1mAom3Iu9Gq7PFC0tThJUz5OtKwlJQA6WFVi4dCc5cYpey29vmYXXsg5HRLy3dOU0rGeUrIKqYAzhoG\/EWkUnpHQnMYpzdDky5nyk+TtHMbFGkihXThSlUa2jI\/FWDtafkjYId9L2Ah7oRkzHpABtIY4lcUYi\/oTYe3Zl75OXGE6tkPTiUZcPOzUSQxeylg4Tl0hKmmFobRnTMA3So280bytgreMExZcG9scEbPQtnkuYhxCmVLiWeQUAA1fO4Kv0g3nVumIzsOUj0esIsnIJ56X4U97Um6Hv5N9j6QA4k6fbCXez92j3d3FYtHJpJ3AxuJawfG2E6ndxXxnkuOUGr9bzNNcRm633+13d7v7\/Nkd9Lrve\/u9w+7BjpsgL0adP+fx1vGRzmJBw5Gln2ylcvlhCyZO8nAv3Qcz2RITyoC4S3VsJtCAJTi9VDvTAmcfinWGPLbTGx0ebglnJ5sxFSfDP9nawg5EPnmy1R\/ud7dEgoSc4OtefzBg3Uh2G1EvSN8C29uW6L1u96Y32GfZuG5TdK\/bH9wMDkcsm27aFH6wP7rZO9hj2bhu1e7h3v7NweAg2I2bNoX3u4PRzeFhcDjdtCl8tNe9GXSDU3Ddqt0Q3ev1g9ntit4bQvRBN4TgsFXRg1H3pr8XHILrxRYnDMohhc+3xYNM3uzwQX7EB2t+8xCB2r2GCeF2S+weH+3K4yoJnmrOnuskqerU6WQSMjjINAhHgN+QaTNkcJ+LhPArJ2L9YPXXmEk1hlGOnmpgC6MHD1woQkbK0C8KwBjoELiCTiMCh6kk7LFgDjp3P65x5bRBfYjvmqIsPcp6I9XXqio2pkB8ERfgFhWqLXIblZw0koQUAKCwGqZUXloPcAWNQrU0zdPYU0EyBYAkDP+9g8fuEXMDQ9jzquQpT5ULfGSbTEvVfM7fyoJqCz+pbf8jt2VdZwPk1uCV0R8dKrdMGEUzf5EOFBAZH5wbITH2NYoH0H0t53mqQLwuUGcylQPX7IhT5iG1XBu8Q\/XbpTQ+Z6Z5vvqcgmfDVYyETBrLSsHyHDdHPUWrIrRmFqXA+bBxoWghZ73GBpGLcMl+zoJVV4rYxSWReaLH7G7irDBMskmo5QKV+O+yxqqKsVBU2Yj1kDPEL+wIXgkVay5H4GDXCBmfaTOWBXuqI34bE9A\/Er+yBoQTWZlAkTYlh4UJ1UIQt43J1xIEHhJD2UGbRBxniroJIUirBDtq0HIOPiKPZGMZewb8BQBWhV8wmqLsLVmKwEI4z+7QDa6IiLcE950UblnEgqvDenHSgAj6wsRivFx0BMIo5rqV\/O7AQQtl4emZ2BUXa75Kw7kumyQyxc2j9ghOFXk7VeThIt\/Z3x\/uBHt3rvuduSG2M7ZILD\/8P6TnPqJz2O2LBhn6VtLztebfYUCjveGaAB32Ri3wn6+0BBg3\/Ba0+Ao1O\/2DvRvwIlaH602rI1ozGgxY3TfSmq9RR4ThsLdXOrO7cWdCXX8Y1PU3r46Ixd5oyOq+kVh8jToiG8P+iNX9D7KBwG1wDb67SzWeORHrlHNpXide5NqxCjXbj0cqO+Y+1dQSFGTrjgOzDsrilvGXMl7ZGeGMF3CJAOip8qiyc+oYiQdnlvKjeAZCQLQC0itTqJUEurBd8htiA8QZNCfoDhf+yjIoZqAI9Btpv5gic3n+gRANoBOreUpQQootESjCntDefKquiQQ45i2hY2JDl8unPKSqdDHDUyvSxNulNtZd9RSpEFZZVkHsNi0zmPOuKMFCmRpGfpHU+Sr7iWZNNKDVza0iveSml0pZmye2akbdAudYwZ2JrTQSnjtu\/rKzlrCXwRZr8qSLoCd03V4re839wFkOm8GozkzTKKIcsumzU+r0ji1h\/YNIW2qeGTVmophRm9MFtHsopnC7iGVoYpQ9oiXQ+5I8U7M8cE1cSHzhm2q5i9tYPhY8mXXEsxjOrXiWDs1R2i5NXdaIqC7YxBhLuaWhdpyT2JIzg\/jz1K6KeN3Vwn6D84jLqfhuz+FUGqK75T6T6+\/EMHRwDE\/rpShbNj1LjsWmYOJTtVAJgz9CJPDk8leojoiRNHbw1ngi36SDxEDBsrDiD9Ky+mRn4Wg58Qa+g5yEezCuU07ghu4pdmw2s6tPU8\/1gFFJRoH5roh3QjdLg+6D3FRjstUX7qvTwwwKR9uwhWuPsqlWWfuUKKxfffFLXhCfOLrzd9ZNsTKVaRoYXtOszXR6hr3D9z0qx0Yb6\/QcdgetdHruN\/W7dXruVd9Op6chuu1OT0N0+52ehvC2Oz1Nu1vv9DSEt9\/paQhvu9PTtLvlTk8zBFvu9DREt93pqR8AUrL8eyKRhuh5RkF5lbJ2YGT0vHLunbd5tmYXDxibGKl8+cQC0DuZRTnS+kPCkwahMIwaY0aR21DGbC\/gIhMZ7ssQ9IbHTfzMCOmcWyu6TP5RDfKEmcRFGEATeioiVPmIgdsFgSmyxlC302Qe\/MaCEJoK2QJF3L4NvrBuqqypkR5CT8aQyK2E8hEloIqYH9EDJZ4r6ARtnlF3Bw5Y1+ZhjRk9lzCdthGoP3yPj273cIMINGwHge419fsh0H3qW0KgtejWEWgtegMItBbeOgI17G4fgdbCN4BAa+GtI1DD7rYRqBGCbSPQWnTbCPQ246TL71eUhegVNV2VeBBqtW2kalS3GeXSCpOQpKlA5tR9DnZfeHoVRnn3UIReLz1dppdyJkmoGBpPintiknG5ByH+g83nuUWJxnUSivOyHb5LnwDBGltmueEqLjwt0KEcp3pdpjMnTVSW\/+W0umqp8ZX7FoyYvd72kF7auNy5LFsGt96rCW\/VZPzqDcFj+TWDDVV0qPrqhzFhhXI6pd\/5uT71AfIaPPF7WGjpUX4NbKmKuCr\/yjpKiZdUFNcugkVlM9uIV6vPFqVmvbISCuUkWfvCkDnsjt+V5hdizt6IS53OpDhdfTGomL3PajmzVI192yC43x2+746G3UF3gyB40AoI3m\/qdwPBe9W3A4IN0W2DYEN0+yDYEN42CDbtbh0EG8LbB8GG8LZBsGl3yyDYDMGWQbAhum0QPCnKN8pKVHl7IU6pjKqKrEZdVQFReIpaZeVQ51So84ISOXWaqWd6qbhqIqhkwHG3G5\/Ve3tX2sxUSu+WKT0tX9Orai6SNaZetlcBALLwijLBmM2NqgEBc2D66p\/TqQlFYqzGKAA3kO33wUcGg+Fgg9l+1FK2v8\/U75jt71HfVravRbef7WvRm8j2tfD2s\/3a7g1k+1r4JrJ9Lbz9bL+2u\/Vsvw7B1rN9LbrtbH\/p5QfhC4PDyAUCUiv\/a0b1lv2aTl+Ff3YITwM74t8f\/\/UPFvIf\" \/><\/form> \t<div class=\"pdf24Plugin-cp-link\"> \t\t<a href=\"#\" onclick=\"var pdf24Win = window.open('about:blank', 'pdf24PopWin', 'resizable=yes,scrollbars=yes,width=600,height=250,left='+(screen.width\/2-300)+',top='+(screen.height\/3-125)+''); pdf24Win.focus(); document.pdf24Form0.submit(); if(typeof pdf24OnCreatePDF === 'function'){void(pdf24OnCreatePDF(this,pdf24Win));} return false;\">Diesen Beitrag als PDF herunterladen<\/a> \t<\/div> <\/div>","protected":false},"excerpt":{"rendered":"<p>In diesem Jahr setze ich endlich ein etwas gr\u00f6\u00dferes Projekt in die Tat um: PROJEKT AU\u00dfENK\u00dcCHE. Schon seit einigen Jahren bin ich total von der Idee angetan, drau\u00dfen eine eigene K\u00fcche zu errichten. Im Sommer ist man eh die meiste Zeit drau\u00dfen und bei h\u00f6heren Temperaturen hat man auch keine Lust &#8222;drinnen&#8220; am Herd zu stehen, um zu kochen. Au\u00dferdem w\u00e4rmt man ja durch das Kochen selber noch zus\u00e4tzlich das Haus ein, wenn es schon so warm ist. Wir haben [&hellip;]<\/p>\n","protected":false},"author":1,"featured_media":1910,"comment_status":"open","ping_status":"open","sticky":false,"template":"post-templates\/post_nosidebar.php","format":"standard","meta":{"ngg_post_thumbnail":0,"jetpack_post_was_ever_published":false,"_jetpack_newsletter_access":"","_jetpack_dont_email_post_to_subs":false,"_jetpack_newsletter_tier_id":0,"_jetpack_memberships_contains_paywalled_content":false,"_jetpack_memberships_contains_paid_content":false,"footnotes":"","jetpack_publicize_message":"","jetpack_publicize_feature_enabled":true,"jetpack_social_post_already_shared":true,"jetpack_social_options":{"image_generator_settings":{"template":"highway","default_image_id":0,"font":"","enabled":false},"version":2}},"categories":[520,88,30],"tags":[559,521,553,531,529,537,536,566,525,540,570,541,523,546,380,11,556,526,549,89,91,90,524,569,547,562,543,550,27,558,552,528,551,533,120,554,555,565,561,535,534,527,568,560,530,542,539,567,522,532,538,548,564,557,544,545,229,563],"class_list":["post-1897","post","type-post","status-publish","format-standard","has-post-thumbnail","hentry","category-aussenkueche","category-bbq","category-diy","tag-arbeitsflaeche","tag-aussenkueche","tag-bandmass","tag-bauen","tag-bestellen","tag-beton","tag-bewehrung","tag-bleistift","tag-draussen","tag-duennbettmoertel","tag-einbaugrill","tag-flex","tag-foren","tag-garage","tag-gasgrill","tag-gedanken","tag-grillecke","tag-ideen","tag-kalksandstein","tag-kamado","tag-kamado-joe","tag-keramikgrill","tag-kochen","tag-koeln","tag-kraeuterbeet","tag-kreide","tag-krone","tag-ks-stein","tag-kueche","tag-l-form","tag-leerrohr","tag-messen","tag-moertel","tag-napoleon","tag-outdoor","tag-outdoor-kueche","tag-outdoorkueche","tag-papier","tag-pflaster","tag-pflastersteine","tag-prestige-pro","tag-rechnen","tag-santos","tag-schalung","tag-schleppen","tag-schlitze","tag-silka","tag-sketchup","tag-soziale-medien","tag-spirit","tag-steine","tag-styropor","tag-terrasse","tag-u-form","tag-up-dose","tag-waende","tag-weber","tag-zollstock"],"jetpack_publicize_connections":[],"jetpack_featured_media_url":"https:\/\/www.marcelcuvelier.de\/wp-content\/uploads\/2020\/06\/Planug-Au\u00dfenk\u00fcche-1-scaled.jpg","jetpack_shortlink":"https:\/\/wp.me\/p4qNjn-uB","jetpack_sharing_enabled":true,"jetpack_likes_enabled":true,"_links":{"self":[{"href":"https:\/\/www.marcelcuvelier.de\/index.php?rest_route=\/wp\/v2\/posts\/1897","targetHints":{"allow":["GET"]}}],"collection":[{"href":"https:\/\/www.marcelcuvelier.de\/index.php?rest_route=\/wp\/v2\/posts"}],"about":[{"href":"https:\/\/www.marcelcuvelier.de\/index.php?rest_route=\/wp\/v2\/types\/post"}],"author":[{"embeddable":true,"href":"https:\/\/www.marcelcuvelier.de\/index.php?rest_route=\/wp\/v2\/users\/1"}],"replies":[{"embeddable":true,"href":"https:\/\/www.marcelcuvelier.de\/index.php?rest_route=%2Fwp%2Fv2%2Fcomments&post=1897"}],"version-history":[{"count":6,"href":"https:\/\/www.marcelcuvelier.de\/index.php?rest_route=\/wp\/v2\/posts\/1897\/revisions"}],"predecessor-version":[{"id":1912,"href":"https:\/\/www.marcelcuvelier.de\/index.php?rest_route=\/wp\/v2\/posts\/1897\/revisions\/1912"}],"wp:featuredmedia":[{"embeddable":true,"href":"https:\/\/www.marcelcuvelier.de\/index.php?rest_route=\/wp\/v2\/media\/1910"}],"wp:attachment":[{"href":"https:\/\/www.marcelcuvelier.de\/index.php?rest_route=%2Fwp%2Fv2%2Fmedia&parent=1897"}],"wp:term":[{"taxonomy":"category","embeddable":true,"href":"https:\/\/www.marcelcuvelier.de\/index.php?rest_route=%2Fwp%2Fv2%2Fcategories&post=1897"},{"taxonomy":"post_tag","embeddable":true,"href":"https:\/\/www.marcelcuvelier.de\/index.php?rest_route=%2Fwp%2Fv2%2Ftags&post=1897"}],"curies":[{"name":"wp","href":"https:\/\/api.w.org\/{rel}","templated":true}]}}