{"id":1996,"date":"2020-07-29T09:10:36","date_gmt":"2020-07-29T07:10:36","guid":{"rendered":"https:\/\/www.marcelcuvelier.de\/?p=1996"},"modified":"2020-07-30T05:57:25","modified_gmt":"2020-07-30T03:57:25","slug":"projekt-aussenkueche-rohbau-auf-der-zielgeraden-und-dach-montiert","status":"publish","type":"post","link":"https:\/\/www.marcelcuvelier.de\/?p=1996","title":{"rendered":"Projekt Au\u00dfenk\u00fcche: Rohbau auf der Zielgeraden und Dach montiert"},"content":{"rendered":"<p>Es sind wieder einige Tage vergangen und ich habe auch die letzte Urlaubswoche gut nutzen k\u00f6nnen, um in der Au\u00dfenk\u00fcche weiter voran zu kommen. Nachdem die ersten Reihen Kalksandsteine gesetzt waren, konnten auch schon die ersten Schalungen erstellt werden. Neben dem vorhandenen Kr\u00e4uterbeet nimmt sp\u00e4ter mein Kamado Joe seinen Platz ein. Dort habe ich den daf\u00fcr vorgesehenen Sockel mit der entsprechenden Bewehrung gegossen. Zuvor habe ich die beiden bereits vorhandenen Au\u00dfensteckdosen aus dem Klinkermauerwerk in das Unterteil des Kamado Joe Sockels verl\u00e4ngert bzw. umgelegt.<\/p>\n<p><a href=\"https:\/\/www.marcelcuvelier.de\/wp-content\/uploads\/2020\/07\/20200625_061810-scaled.jpg\"><img loading=\"lazy\" decoding=\"async\" class=\"aligncenter wp-image-1998 size-large\" src=\"https:\/\/www.marcelcuvelier.de\/wp-content\/uploads\/2020\/07\/20200625_061810-498x1024.jpg\" alt=\"\" width=\"498\" height=\"1024\" srcset=\"https:\/\/www.marcelcuvelier.de\/wp-content\/uploads\/2020\/07\/20200625_061810-498x1024.jpg 498w, https:\/\/www.marcelcuvelier.de\/wp-content\/uploads\/2020\/07\/20200625_061810-146x300.jpg 146w, https:\/\/www.marcelcuvelier.de\/wp-content\/uploads\/2020\/07\/20200625_061810-768x1580.jpg 768w, https:\/\/www.marcelcuvelier.de\/wp-content\/uploads\/2020\/07\/20200625_061810-747x1536.jpg 747w, https:\/\/www.marcelcuvelier.de\/wp-content\/uploads\/2020\/07\/20200625_061810-996x2048.jpg 996w, https:\/\/www.marcelcuvelier.de\/wp-content\/uploads\/2020\/07\/20200625_061810-830x1707.jpg 830w, https:\/\/www.marcelcuvelier.de\/wp-content\/uploads\/2020\/07\/20200625_061810-230x473.jpg 230w, https:\/\/www.marcelcuvelier.de\/wp-content\/uploads\/2020\/07\/20200625_061810-350x720.jpg 350w, https:\/\/www.marcelcuvelier.de\/wp-content\/uploads\/2020\/07\/20200625_061810-480x987.jpg 480w, https:\/\/www.marcelcuvelier.de\/wp-content\/uploads\/2020\/07\/20200625_061810-scaled.jpg 1244w\" sizes=\"auto, (max-width: 498px) 100vw, 498px\" \/><\/a><\/p>\n<p>F\u00fcr den Gasgrill habe ich ebenfalls den Sockel bzw. Deckel des Unterschranks gegossen, inkl der Durchf\u00fchrungen f\u00fcr die Gaszuleitung und die Kabel f\u00fcr die Elektrik des Grills. Im gleichen Zuge habe ich dann auch direkt die beiden St\u00fcrze f\u00fcr die Schr\u00e4nke rechts und links vom Gasgrill gegossen:<\/p>\n<p><a href=\"https:\/\/www.marcelcuvelier.de\/wp-content\/uploads\/2020\/07\/20200625_061754-scaled.jpg\"><img loading=\"lazy\" decoding=\"async\" class=\"aligncenter size-large wp-image-2001\" src=\"https:\/\/www.marcelcuvelier.de\/wp-content\/uploads\/2020\/07\/20200625_061754-1024x498.jpg\" alt=\"\" width=\"1024\" height=\"498\" srcset=\"https:\/\/www.marcelcuvelier.de\/wp-content\/uploads\/2020\/07\/20200625_061754-1024x498.jpg 1024w, https:\/\/www.marcelcuvelier.de\/wp-content\/uploads\/2020\/07\/20200625_061754-300x146.jpg 300w, https:\/\/www.marcelcuvelier.de\/wp-content\/uploads\/2020\/07\/20200625_061754-768x373.jpg 768w, https:\/\/www.marcelcuvelier.de\/wp-content\/uploads\/2020\/07\/20200625_061754-1536x747.jpg 1536w, https:\/\/www.marcelcuvelier.de\/wp-content\/uploads\/2020\/07\/20200625_061754-2048x996.jpg 2048w, https:\/\/www.marcelcuvelier.de\/wp-content\/uploads\/2020\/07\/20200625_061754-830x403.jpg 830w, https:\/\/www.marcelcuvelier.de\/wp-content\/uploads\/2020\/07\/20200625_061754-230x112.jpg 230w, https:\/\/www.marcelcuvelier.de\/wp-content\/uploads\/2020\/07\/20200625_061754-350x170.jpg 350w, https:\/\/www.marcelcuvelier.de\/wp-content\/uploads\/2020\/07\/20200625_061754-480x233.jpg 480w\" sizes=\"auto, (max-width: 1024px) 100vw, 1024px\" \/><\/a><\/p>\n<p>Nachdem der Beton der beiden Sockel ausgeh\u00e4rtet war, konnte ausgeschalt werden und die letzten Steine bis zur Unterkante der sp\u00e4teren Arbeitsplatte gesetzt werden. Danach fing dann wieder das lustige Einschalen und Bewehren von Vorne an. Da die Arbeitsplatte sp\u00e4ter vor den geplanten Riemchen ein kein wenig vorstehen soll, muss hier also die Schalung an der Unterkante entsprechend aufgedickt werden. Speziell bei den freistehenden Klinker-Kalksandsteinen ist es nicht m\u00f6glich entsprechende D\u00fcbel f\u00fcr die Schalung zu setzen, ohne den Stein durch das Schlagen der Bohrmaschine zu l\u00f6sen. Hier musste also mit viel Fantasie die Schalung &#8222;irgendwie anders&#8220; vorgenommen werden &#8211; was f\u00fcr eine &#8222;Frickelsarbeit&#8220;.<\/p>\n<p>Damit die Au\u00dfenk\u00fcche bei jedem Wetter genutzt werden kann brauchte Sie auch ein entsprechend sch\u00fctzendes Dach. Wir haben uns hier f\u00fcr ein Aluminium Terrassendach mit Opal Polycarbonat Eindeckung inkl. LED Beleuchtung entschieden. Das Opal Polycarbonat ist zu 55% Lichtdurchl\u00e4ssig und reduziert die Sonnenenergie um 46%, was das Ganze im (Hoch-)Sommer sehr angenehm macht. Hier mal das gesamte Dach-Material vor der Montage:<\/p>\n<p><a href=\"https:\/\/www.marcelcuvelier.de\/wp-content\/uploads\/2020\/07\/20200612_101812-scaled.jpg\"><img loading=\"lazy\" decoding=\"async\" class=\"aligncenter size-large wp-image-2004\" src=\"https:\/\/www.marcelcuvelier.de\/wp-content\/uploads\/2020\/07\/20200612_101812-1024x498.jpg\" alt=\"\" width=\"1024\" height=\"498\" srcset=\"https:\/\/www.marcelcuvelier.de\/wp-content\/uploads\/2020\/07\/20200612_101812-1024x498.jpg 1024w, https:\/\/www.marcelcuvelier.de\/wp-content\/uploads\/2020\/07\/20200612_101812-300x146.jpg 300w, https:\/\/www.marcelcuvelier.de\/wp-content\/uploads\/2020\/07\/20200612_101812-768x373.jpg 768w, https:\/\/www.marcelcuvelier.de\/wp-content\/uploads\/2020\/07\/20200612_101812-1536x747.jpg 1536w, https:\/\/www.marcelcuvelier.de\/wp-content\/uploads\/2020\/07\/20200612_101812-2048x996.jpg 2048w, https:\/\/www.marcelcuvelier.de\/wp-content\/uploads\/2020\/07\/20200612_101812-830x403.jpg 830w, https:\/\/www.marcelcuvelier.de\/wp-content\/uploads\/2020\/07\/20200612_101812-230x112.jpg 230w, https:\/\/www.marcelcuvelier.de\/wp-content\/uploads\/2020\/07\/20200612_101812-350x170.jpg 350w, https:\/\/www.marcelcuvelier.de\/wp-content\/uploads\/2020\/07\/20200612_101812-480x233.jpg 480w\" sizes=\"auto, (max-width: 1024px) 100vw, 1024px\" \/><\/a><\/p>\n<p>Sieht soweit eher unspektakul\u00e4r aus &#8211; F\u00fcr die Montage haben wir aber zwei volle Tage ben\u00f6tigt (an dieser Stelle nochmal vielen lieben Dank an unserem flei\u00dfigen Helfer Pascal). Zun\u00e4chst musste der Quertr\u00e4ger an der Garagenwand montiert werden. Danach ist man erst einmal ziemlich lange damit besch\u00e4ftigt, das Konstrukt entsprechend auszurichten, um die beiden Tr\u00e4gerpfosten an die richtigen Positionen zu bekommen (zu diesem Umstand k\u00f6nnte ich jetzt alleine eine ganze Seite was schreiben). Der Quertr\u00e4ger vorne musste zusammengebaut werden und dann auf der korrekten H\u00f6he mit den beiden Tr\u00e4gerpfosten montiert\/ausgerichtet werden. Ein Pfosten beinhaltet auch das innenliegende Fallrohr f\u00fcr die Entw\u00e4sserung. Auch dieses muss angepasst und ausgerichtet werden. Das Terassendach hat eine Neigung von 8\u00b0, was ca. 14cm Gef\u00e4lle pro Meter bedeutet!<\/p>\n<p>Wir haben einen Tr\u00e4gerpfosten auf das Mauerwerk des Kr\u00e4uterbeets gesetzt und zus\u00e4tzlich mit dem Klinkermauerwerk verschraubt. Der andere Pfosten sitzt direkt auf dem Fundamentbetonstein (siehe Foto oben), welcher unterirdisch auf H\u00f6he der Mauersteine des Terrassenpflasters seinen Platz gefunden hat. Ich habe die \u00dcberdachung passend auf den zur Verf\u00fcgung stehenden Platz geschnitten, was nat\u00fcrlich einiges an extra Aufwand erzeugte. Der Quertr\u00e4ger vorne erhielt einen schweren Stahlkern, der es entsprechend schwer machte, das Gesamtkonstrukt entsprechend auszurichten bzw. in die korrekte Stellung zu bringen. Durch die vorhandenen \u00d6rtlichkeiten war es uns nicht m\u00f6glich, mit einem Hubwagen oder Gabelstapler diesen Quertr\u00e4ger entsprechend in der H\u00f6he auszurichten. Hier war dann Kreativit\u00e4t und Muskelkraft gefragt. Am Ende hat dann alles gepasst und die Au\u00dfenk\u00fcche hatte ein sch\u00fctzendes Dach:<\/p>\n<p><a href=\"https:\/\/www.marcelcuvelier.de\/wp-content\/uploads\/2020\/07\/20200614_192854-scaled.jpg\"><img loading=\"lazy\" decoding=\"async\" class=\"aligncenter size-large wp-image-2010\" src=\"https:\/\/www.marcelcuvelier.de\/wp-content\/uploads\/2020\/07\/20200614_192854-1024x768.jpg\" alt=\"\" width=\"1024\" height=\"768\" srcset=\"https:\/\/www.marcelcuvelier.de\/wp-content\/uploads\/2020\/07\/20200614_192854-1024x768.jpg 1024w, https:\/\/www.marcelcuvelier.de\/wp-content\/uploads\/2020\/07\/20200614_192854-300x225.jpg 300w, https:\/\/www.marcelcuvelier.de\/wp-content\/uploads\/2020\/07\/20200614_192854-768x576.jpg 768w, https:\/\/www.marcelcuvelier.de\/wp-content\/uploads\/2020\/07\/20200614_192854-1536x1152.jpg 1536w, https:\/\/www.marcelcuvelier.de\/wp-content\/uploads\/2020\/07\/20200614_192854-2048x1536.jpg 2048w, https:\/\/www.marcelcuvelier.de\/wp-content\/uploads\/2020\/07\/20200614_192854-830x623.jpg 830w, https:\/\/www.marcelcuvelier.de\/wp-content\/uploads\/2020\/07\/20200614_192854-230x173.jpg 230w, https:\/\/www.marcelcuvelier.de\/wp-content\/uploads\/2020\/07\/20200614_192854-350x263.jpg 350w, https:\/\/www.marcelcuvelier.de\/wp-content\/uploads\/2020\/07\/20200614_192854-480x360.jpg 480w\" sizes=\"auto, (max-width: 1024px) 100vw, 1024px\" \/><\/a><\/p>\n<p>Nachdem das Dach nun montiert war musste ich mich um die Entw\u00e4sserung des selben k\u00fcmmern. Auf unserem Grundst\u00fcck wird das gesamte Oberfl\u00e4chenwasser in einer Zisterne gesammelt und f\u00fcr den Garten automatisiert verwendet. So sollte jetzt also auch das Regenwasser des Outdoork\u00fcchendachs seinen Weg in die Zisterne finden. Dazu musste also wieder gegraben werden, was allerdings aus verschiedenen Gr\u00fcnden gar nicht so einfach war. Es musste peinlichst darauf geachtet werden, dass das Begrenzungskabel des Rasenm\u00e4hroboters und das Wasserrohr f\u00fcr dir Rasensprenkleranlage nicht besch\u00e4digt wird. Au\u00dferdem muss es ganz sch\u00f6n tief nach unten gehen, denn die Zisterne befindet sich weit unter der Rasenfl\u00e4che (Zisternenboden ca. 3-4m). Da ich so tief jedoch nicht mit dem Spaten graben konnte, habe ich mir etwas \u00fcberlegen m\u00fcssen. Auf ca. 1,6m Tiefe gelange ich in den Konus, der sich oberhalb der Zisterne befindet. In diesem hinein habe ich eine Kernbohrung vorgenommen und das Regenrohr eingef\u00fchrt. Innerhalb des Konus habe ich das dann bis zum Zisternenbetondeckel verlegt und dort dann mit einer weiteren Kernbohrung in die Zisterne eingef\u00fchrt. Dass ganze Spielchen hat wieder einen ganzen Nachmittag in Anspruch genommen.<\/p>\n<p><a href=\"https:\/\/www.marcelcuvelier.de\/wp-content\/uploads\/2020\/07\/20200615_194722-scaled.jpg\"><img loading=\"lazy\" decoding=\"async\" class=\"aligncenter size-large wp-image-2011\" src=\"https:\/\/www.marcelcuvelier.de\/wp-content\/uploads\/2020\/07\/20200615_194722-1024x498.jpg\" alt=\"\" width=\"1024\" height=\"498\" srcset=\"https:\/\/www.marcelcuvelier.de\/wp-content\/uploads\/2020\/07\/20200615_194722-1024x498.jpg 1024w, https:\/\/www.marcelcuvelier.de\/wp-content\/uploads\/2020\/07\/20200615_194722-300x146.jpg 300w, https:\/\/www.marcelcuvelier.de\/wp-content\/uploads\/2020\/07\/20200615_194722-768x373.jpg 768w, https:\/\/www.marcelcuvelier.de\/wp-content\/uploads\/2020\/07\/20200615_194722-1536x747.jpg 1536w, https:\/\/www.marcelcuvelier.de\/wp-content\/uploads\/2020\/07\/20200615_194722-2048x996.jpg 2048w, https:\/\/www.marcelcuvelier.de\/wp-content\/uploads\/2020\/07\/20200615_194722-830x403.jpg 830w, https:\/\/www.marcelcuvelier.de\/wp-content\/uploads\/2020\/07\/20200615_194722-230x112.jpg 230w, https:\/\/www.marcelcuvelier.de\/wp-content\/uploads\/2020\/07\/20200615_194722-350x170.jpg 350w, https:\/\/www.marcelcuvelier.de\/wp-content\/uploads\/2020\/07\/20200615_194722-480x233.jpg 480w\" sizes=\"auto, (max-width: 1024px) 100vw, 1024px\" \/><\/a><\/p>\n<p>Danach war erst einmal Urlaub angesagt, bevor es dann mit den n\u00e4chsten Schalungen weiter ging. Der Sp\u00fclenunterschrank wurde von mir hochgemauert und dann musste ein Sturz her. Dazu wurde dann wieder viel Holz geschnitten und geschalt:<\/p>\n<p><a href=\"https:\/\/www.marcelcuvelier.de\/wp-content\/uploads\/2020\/07\/20200717_114419-scaled.jpg\"><img loading=\"lazy\" decoding=\"async\" class=\"aligncenter size-large wp-image-2013\" src=\"https:\/\/www.marcelcuvelier.de\/wp-content\/uploads\/2020\/07\/20200717_114419-1024x498.jpg\" alt=\"\" width=\"1024\" height=\"498\" srcset=\"https:\/\/www.marcelcuvelier.de\/wp-content\/uploads\/2020\/07\/20200717_114419-1024x498.jpg 1024w, https:\/\/www.marcelcuvelier.de\/wp-content\/uploads\/2020\/07\/20200717_114419-300x146.jpg 300w, https:\/\/www.marcelcuvelier.de\/wp-content\/uploads\/2020\/07\/20200717_114419-768x373.jpg 768w, https:\/\/www.marcelcuvelier.de\/wp-content\/uploads\/2020\/07\/20200717_114419-1536x747.jpg 1536w, https:\/\/www.marcelcuvelier.de\/wp-content\/uploads\/2020\/07\/20200717_114419-2048x996.jpg 2048w, https:\/\/www.marcelcuvelier.de\/wp-content\/uploads\/2020\/07\/20200717_114419-830x403.jpg 830w, https:\/\/www.marcelcuvelier.de\/wp-content\/uploads\/2020\/07\/20200717_114419-230x112.jpg 230w, https:\/\/www.marcelcuvelier.de\/wp-content\/uploads\/2020\/07\/20200717_114419-350x170.jpg 350w, https:\/\/www.marcelcuvelier.de\/wp-content\/uploads\/2020\/07\/20200717_114419-480x233.jpg 480w\" sizes=\"auto, (max-width: 1024px) 100vw, 1024px\" \/><\/a><\/p>\n<p>Nachdem dieser dann gegossen war wurde auch schon die erste H\u00e4lfte der sp\u00e4teren Arbeitsplatte eingeschalt. Schwierig war und ist es, die Schalung an den 7er Kalksandsteinklinkersteinen zu fixieren, da diese ja, wie bereits oben geschrieben, beim Schlagbohren sich vom M\u00f6rtel l\u00f6sen. Hier musste dann immer eine Alternative M\u00f6glichkeit der Ausrichtung und Fixierung gefunden werden.<\/p>\n<p><a href=\"https:\/\/www.marcelcuvelier.de\/wp-content\/uploads\/2020\/07\/20200719_094019-scaled.jpg\"><img loading=\"lazy\" decoding=\"async\" class=\"aligncenter size-large wp-image-2014\" src=\"https:\/\/www.marcelcuvelier.de\/wp-content\/uploads\/2020\/07\/20200719_094019-1024x498.jpg\" alt=\"\" width=\"1024\" height=\"498\" srcset=\"https:\/\/www.marcelcuvelier.de\/wp-content\/uploads\/2020\/07\/20200719_094019-1024x498.jpg 1024w, https:\/\/www.marcelcuvelier.de\/wp-content\/uploads\/2020\/07\/20200719_094019-300x146.jpg 300w, https:\/\/www.marcelcuvelier.de\/wp-content\/uploads\/2020\/07\/20200719_094019-768x373.jpg 768w, https:\/\/www.marcelcuvelier.de\/wp-content\/uploads\/2020\/07\/20200719_094019-1536x747.jpg 1536w, https:\/\/www.marcelcuvelier.de\/wp-content\/uploads\/2020\/07\/20200719_094019-2048x996.jpg 2048w, https:\/\/www.marcelcuvelier.de\/wp-content\/uploads\/2020\/07\/20200719_094019-830x403.jpg 830w, https:\/\/www.marcelcuvelier.de\/wp-content\/uploads\/2020\/07\/20200719_094019-230x112.jpg 230w, https:\/\/www.marcelcuvelier.de\/wp-content\/uploads\/2020\/07\/20200719_094019-350x170.jpg 350w, https:\/\/www.marcelcuvelier.de\/wp-content\/uploads\/2020\/07\/20200719_094019-480x233.jpg 480w\" sizes=\"auto, (max-width: 1024px) 100vw, 1024px\" \/><\/a><\/p>\n<p>In der ersten Arbeitsplatte nimmt sp\u00e4ter das Gaskochfeld seinen Platz ein. Hier musste dann auch eine entsprechende Aussparung in der Schalung erstellt werden, damit diese Fl\u00e4che beim Betonieren betonfrei bleibt.<\/p>\n<p><a href=\"https:\/\/www.marcelcuvelier.de\/wp-content\/uploads\/2020\/07\/20200719_094050-scaled.jpg\"><img loading=\"lazy\" decoding=\"async\" class=\"aligncenter size-large wp-image-2015\" src=\"https:\/\/www.marcelcuvelier.de\/wp-content\/uploads\/2020\/07\/20200719_094050-1024x498.jpg\" alt=\"\" width=\"1024\" height=\"498\" srcset=\"https:\/\/www.marcelcuvelier.de\/wp-content\/uploads\/2020\/07\/20200719_094050-1024x498.jpg 1024w, https:\/\/www.marcelcuvelier.de\/wp-content\/uploads\/2020\/07\/20200719_094050-300x146.jpg 300w, https:\/\/www.marcelcuvelier.de\/wp-content\/uploads\/2020\/07\/20200719_094050-768x373.jpg 768w, https:\/\/www.marcelcuvelier.de\/wp-content\/uploads\/2020\/07\/20200719_094050-1536x747.jpg 1536w, https:\/\/www.marcelcuvelier.de\/wp-content\/uploads\/2020\/07\/20200719_094050-2048x996.jpg 2048w, https:\/\/www.marcelcuvelier.de\/wp-content\/uploads\/2020\/07\/20200719_094050-830x403.jpg 830w, https:\/\/www.marcelcuvelier.de\/wp-content\/uploads\/2020\/07\/20200719_094050-230x112.jpg 230w, https:\/\/www.marcelcuvelier.de\/wp-content\/uploads\/2020\/07\/20200719_094050-350x170.jpg 350w, https:\/\/www.marcelcuvelier.de\/wp-content\/uploads\/2020\/07\/20200719_094050-480x233.jpg 480w\" sizes=\"auto, (max-width: 1024px) 100vw, 1024px\" \/><\/a>&nbsp;<\/p>\n<p>Danach haben wir das Dach noch vervollst\u00e4ndigt: Oberhalb des Mauerwerks zur Grundst\u00fccksgrenze hin wurde ein entsprechendes Keilelement, ebenfalls aus Opal Polycarbonat, montiert. Dieses sorgt daf\u00fcr, dass die K\u00fcche bei entsprechendem Wetter trocken bleibt und in den Abendstunden noch zus\u00e4tzliches Sonnenlicht in die K\u00fcche einfallen l\u00e4sst.<\/p>\n<p><a href=\"https:\/\/www.marcelcuvelier.de\/wp-content\/uploads\/2020\/07\/20200720_201534-scaled.jpg\"><img loading=\"lazy\" decoding=\"async\" class=\"aligncenter size-large wp-image-2016\" src=\"https:\/\/www.marcelcuvelier.de\/wp-content\/uploads\/2020\/07\/20200720_201534-1024x498.jpg\" alt=\"\" width=\"1024\" height=\"498\" srcset=\"https:\/\/www.marcelcuvelier.de\/wp-content\/uploads\/2020\/07\/20200720_201534-1024x498.jpg 1024w, https:\/\/www.marcelcuvelier.de\/wp-content\/uploads\/2020\/07\/20200720_201534-300x146.jpg 300w, https:\/\/www.marcelcuvelier.de\/wp-content\/uploads\/2020\/07\/20200720_201534-768x373.jpg 768w, https:\/\/www.marcelcuvelier.de\/wp-content\/uploads\/2020\/07\/20200720_201534-1536x747.jpg 1536w, https:\/\/www.marcelcuvelier.de\/wp-content\/uploads\/2020\/07\/20200720_201534-2048x996.jpg 2048w, https:\/\/www.marcelcuvelier.de\/wp-content\/uploads\/2020\/07\/20200720_201534-830x403.jpg 830w, https:\/\/www.marcelcuvelier.de\/wp-content\/uploads\/2020\/07\/20200720_201534-230x112.jpg 230w, https:\/\/www.marcelcuvelier.de\/wp-content\/uploads\/2020\/07\/20200720_201534-350x170.jpg 350w, https:\/\/www.marcelcuvelier.de\/wp-content\/uploads\/2020\/07\/20200720_201534-480x233.jpg 480w\" sizes=\"auto, (max-width: 1024px) 100vw, 1024px\" \/><\/a><\/p>\n<p>Stay tuned. Ich berichte in den n\u00e4chsten Wochen weiter, wenn die zweite H\u00e4lfte der Arbeitsplatte geschalt und betoniert ist. \ud83d\ude09<\/p>\n<div class=\"pdf24Plugin-cp\"> \t<form name=\"pdf24Form0\" method=\"post\" target=\"pdf24PopWin\" action=\"https:\/\/doc2pdf.pdf24.org\/wordpress.php\"><input type=\"hidden\" name=\"blogCharset\" value=\"Cw1x07UAAA==\" \/><input type=\"hidden\" name=\"blogPosts\" value=\"MwQA\" \/><input type=\"hidden\" name=\"blogUrl\" value=\"yygpKSi20tcvLy\/Xy00sSk7NSS4tS83JTC3SS0kFAA==\" \/><input type=\"hidden\" name=\"blogName\" value=\"y00sSk7NSS4tS83JTC3SS0kFAA==\" \/><input type=\"hidden\" name=\"blogValueEncoding\" value=\"gzdeflate base64\" \/><input type=\"hidden\" name=\"postId_0\" value=\"M7S0NAMA\" \/><input type=\"hidden\" name=\"postTitle_0\" value=\"CyjKz0rNLlFwLD08PzUv+\/Ce5IxUK4Wg\/IykxFKFxNI0hZTUIoWozNSc9NSixJTUPIXSvBQFl8TkDIXc\/LySzNSiEgA=\" \/><input type=\"hidden\" name=\"postLink_0\" value=\"yygpKSi20tcvLy\/Xy00sSk7NSS4tS83JTC3SS0nVty+wNbS0NAMA\" \/><input type=\"hidden\" name=\"postAuthor_0\" value=\"800sSk7NAQA=\" \/><input type=\"hidden\" name=\"postDateTime_0\" value=\"MzIwMtA1MNc1slQwsLQyMLcyNgMA\" \/><input type=\"hidden\" name=\"postContent_0\" value=\"xVvLjhvHFd3nKyoT2JCAGQ7JIedhywJkjEdyFMWKx7YAb4QiWWy22A+iqns45h\/kB4IsAngzH5CVVlqFP5RPyDm3+sXRON4UIRiQh2T3rVu3bp9z7q3qJ6un3zjl4mym1rGZGatMnMWRUT9o\/HNjbKSzyGSqxAXxdKEWemKULvHXLDYqMcWmMOpHm+hy4tb5dGFUVBYqK4sNblpu32eZyQ5Vmao4U7T+rNz+arLl9gMvXZu4wHc3udWZ2pRqmaepyXrqr3q6mJlUhjDWFTD1vYkX+N9LnSydzmb4Ls4wlnH0QK215TDLPMt4sfjnpos865q4ni50Usps5JskwY3GzmREMzF0MKUzCwxgMo5mt3clPJwYgznFaVoot9re0ecU48ObVM9y9efcKEd\/MvU60cWGIeypy9wWPlyM24zm9Xz7QaZLvxcyxHU+XZpEpXEh4TFZ4VbWIDh0QX1t1mZh4TNmGuXO0dWfSxjoGMYEJybm1RNjEVC3MwUfb8x2upzlTmLjZJ4vkzhbGpvq0lhEYSkLpJ36ERG0iG6Cq1x3ht5Tx5xItncII6Y32ax7WNzIJCYqek+OV0\/\/8GT19IlWC2vmXx0simLlvjg+Xq\/XvVTbqUmm5Y1JYmN7M3O8Xh1Nc65XcVyuklzP3PGwP+wf98\/k\/\/3T4fht\/3RwPugfualOzKz3bhUdPH0Sp5Hi5XEWfXWQ6M0vB3B1mvvP2v2STQ\/UNNHO4VMSR9nUcEoKw8UpkvpocHFxjozfmKNEYyUOlLPTgL6OLs5vB\/3hSLxVOim+OjjAszUrFl8d4LcDtTBxtMC3vEgGRw7vaXyFD+tDFcz2YHR6e9Lvi2n8HdL02SncHp972\/gQ1PboDLZPTr3t0VlI2xcXp7fD\/uhcbONDSNvnJ\/3bwVn\/TGzjQ0jbQ9genZ2I6WFY0yfj\/u3Z0K8k\/g5penTev7049wHB3yFNtxijBsPRaH0gGEEQKYv8UD1K9e2RPMZf8Kla3T5Wg37\/Bh7IpwN1\/PTJsX5aY+AVkZ6g\/Fy7yMZJ0iI2qWauk8TJ7xUBCJJeGvmbwCswDAoDMy5dg\/6HQOllIkxxWdrpAnwi9AA7Qi0kAwy4KRMQAWmDtM0vX2LwpL3mm8QsCxsvZajndM\/11LepinAfuQckA\/ZvOUZnWU36Fnd2See6gNGNaW2DZkGb4BZFHgMd0QeSDYkpbeNRz+mL\/dDG2XgUhDZaomgZBKMMQtIGfSVk3yKVHqINzxQ1bwiJBKWN++Mrfgj1bNE4OOMWfOERod8PaZq8cVLhWEDakJCAMm5BFz4k+BDSODnjFnzhARgfQhoncYz6J6F5Q\/wmJw2GoXlDsmQsdBeaN2iavDE8OWl44\/+AO3O\/g+7+4314byoUIMTXpsh9cVNDood0KO3ILLZ3UNNSodT1if\/BsRqpC5AGp31BRVSV+mYSO9RF1rPBUvNmjlMVIZT3qE0g+VcoO4pOOVRVNZc6g59qDojzGF6VeNT5SekK1nnfxJm4UjnhKw58uMGcfsotnNBiSdzbHa6uhViPcBKRwQ9SgH0fm1R4hFXSkv+sDapKXolShD+4PEkOVVo6pxZYTgCey2v6kCoNw8pcO1PvFkcI4jwys3i6bKd7vTKbGGUd10EcmqMe8uPxU1XxHO3WkJnCJQo0mIHpCpVu30eJsHS3ElOX2w87BNp4iaqVMSc154vMeEqnYTUjQUuocXGiI+Pn83W+QNGFkHN9cXeyfS9l3QtGgfFggjAYLAlvMB11hclrh0F3Bv78T+fD4fDLGMSUzbCuihWfdfJ1\/0tfZGZST9c5xp8Ggy+Ris5PRFKssnNlYynvtKxwZaWp6C61FKjMgG79zji\/M3wO3piCmYAhyzYB1ZI5N7FUDpjVdVx1DhidnbVENLYfGETKkUukbE+9iX2Ny6ysUqT2WT1LyjTO4jJVPxhrNUXEjHlOH79b6US9zpNfpphJnumCCQ6eXzJmFE899ZdvLpHmiaFX\/JauYDlM9ci4B2wwRbBW4\/Fn6i9ME1lbVMHOxV5jWTMrkXvWB+k6Z9sD\/9kIn+Dn6PSzQ4k70+G5zqCX4lQ9epFPF0ePr7lKeKjx3ClptphFqlJMqKizAu7wRjzeOkUgGaGjVxoBj\/GLf\/qsegUoRJYFl1OD4dtBHwp5uE85NQojp1pfP42cenj8QHKqNR5cTrWmg8upTkjCy6nW+B7kVGs8uJzq+B1aTnWyJLScak2HllOgBnCvy9kQVuBrS9RfodLUyxIwa6VrWfPXVU3CFeJVPLEGY+APqzawAlRMkqqJjR+376F1CvVIS0PY4aJr9n+NyoDAhFcSLWwgFDQF3bSk\/oATUFmpmqMs3v4ak8JfmGSO219rguFjdmOz7d10AX6ouJtQ\/LcSTIAiOKKw8bT\/XFtKgDVYWqXwW7jink4jy6Tad6dJdHQMpJKKHklIDaABktyE6nF7N+ekDoUaXuaZK2wJMXRPJDnIRzJW1YXvFO4\/eAdX81y64z40Si6Wmb7OXVzEORUSqG9ifHNePcIHiWGqfkxdwflIm7\/wrYJ3IkA1Yktx4Zv0wnfX7PULB7KrYWLE+TE7HrvRuhHFWYVyU4LvMGZkJsirHansGxJzCe0yt2xKcHG276FKfC89+4151sE\/FhXuY9OuBMSCel1difszanT87Hsf8D0msSNLIlGFV5inhZ7rNFayYk1ZYNiV6UEt+Q69g64RrctFXIEUC5nGgy5QgUDXtLJmoQsfyL+CsShYKM3P\/\/NvryimuqcGo2mqnpv59o45vbK5emUKqUdmpoTtP9bPWauqvPS9nwOMKGy+ajYFZA+gswvimhqD\/mOBUAFsJD991B\/YV7ip+ljlpPDrLULVNGFGlm2KurHk1zRVVzCvsfTFhMWVKHX1CBoYy3uVF7nKmT4IABDMowXFkJ3FGEls+EwQWURHqu0izqaRjKs51AmbbLt7N5GZl1IuIOw99W295cXF3f4L8MIl4SKs\/AJVHmdSpv1kLDJB1qgtO2qzcC2LC3kQuW6QlUgaX2rIjhuTQ5nbwmqkzVyAwtiNKaPC\/NZzYixka1JUi4kB1lIUXhd6kWANMJLsKbmP1PZaVCXzzsPHc1GWy98HEd+njD1W1A+eB9OqGprYmBq25xuUcl13P2r7D1tw0kvCQcaymP5R4+\/WX4eSUJxYql6Uk7XUT7lHUlRiAJ5VYqx\/trKd0Oz4Xu06+nToTqSS1hxfwOSlNbqIb+ICCS25\/ap0qIeWVs8L5gTQG+nwLMUTPjPySHoMwgPHZ6J9pj8qkhZSKzOBPypzwmv10dvBxfB8r63PQT+QVm98Fa0Msfn7Wh0XhdPqD44fSqs3xqnVh8NxQK3emKZWH5+dBtTqbUio1QeD8TCkWG+si1hvNuQCqfXGOtX66TCkWm8dlw25gJtmnTyBWh+engRU641pqvWT03745qf2MKayMuuIWt30sbwuwD+V8txRR8LGziQTOSjygT2QjIpp3sju57hs5kCT0yXV\/WynCfIduHieUHtTVdMmwZ6EYdXP7PpZfz6ECjLx0Dxv9+SslztFngL1nfh9Q70CaAbMX+fSn8QotZx1easBvzdRMyTn8F1ZzPLcergXydZIijcmqsmy8WnOfpToPLBlt+FXNWcjE1lf0Igg9GqBPGOJ105KIa+ppGXF6djtB5EaEULvaRTm4MGci4P1gK519VArfE+CdWQwS\/USGd1VoKIIfKfqa7hisg0Wyy1lA5HT\/V6DcdPt3cLmk1z0k1fkTr2RmHQFsfVXk4+zJWagMzZCKx+rKmbGyozL2\/O8aZlaIpbJrKgdhDffZwrpNVdSKJXSZI6osChxsnsRnhiJMaLA3JOaUgSiSAFxqEoc9ai+J5vkDCDF9MnRKH0sHW\/ejUDKuO\/MLGeme5FSad3rlRZH\/Hr57v5hu22aYv6m4PKxe2wT5g0Ezgd\/joeZLuL98DRVP2AMpquv8nizKJeMhV3pvI6T2UD4QkwlE\/nmoxlDsGZ1dcYGc5x1tp2pgF\/i8knujxR1W8T1EkpuywoayjjZXxarWTOs8z51d4edF0N+tyJVbVAp3md+U\/tGAlBpJB6NkltqkWers2CcccfF+8\/OjlOXTNOquFzFUgmIau8cZJNnIuNRNGIWBiu0GH3GlOTzXAcg+NmlwRjoOzob7rNrOgi0Cd36+om6pg+OH0qJNcbDd00b0+G7pm1I9tA1bYzvo2vaGA\/fNW39Dt41bbMkeNe0MR26a1q1DaWG7rQM\/WlcaTU5zQbhxHCPyLgWcsksVd9y92BsdSI3itm9YtPherX9kJis7BxHUusSHC1dKDLcArwYGen3FG1zrlIbZKDrorQbAIetNI+\/vbsfLducL\/Jkp00itup98tCV8tng7O1gMBoNLvaJzydB8Lnj6yfB598YPww+d4yHxueO6dD43A1JcHzuGA+Pzx3jofG563dgfO5mSWB87pje2yEhv+UkiFefehTU9kj40NsK6sX2Lpn\/znEfUcMeH3sEcaCpjSOxLK9ryLmWwwdO1WTqDGZ3zsEsfdu+PhMDmJ7Ht7Gxvh70U1Dv9CEhu3nRgF14D9FWNs5INXFanXehhpf2PmbHg5+vtu9RdScPHniR0MRyDELKlGcJ9T4bsob3RXXHuHqFxEkTtz7feiWO+pckqt59tZcSnDQu3vYvRv39ksYoEGk0vn4i0nhw\/FCk0RgPTxqN6fCk0YZkD6TRGN8HaTTGw5NG63dw0mizJDhpNKZDk8a3fseqemdtF\/B3X0HzZ8ncEvp7bpLZA6+gfQSx9fE7c+94IyDVrXTTcqHurwnj3qtyh9URBE8IV1UfTWBfzsEKZShp\/PD0pZokJp4U+0LicX+fSDwOisTw9ZMi8b3xwyIxjO8Licf9vSExQ7I3JIbx\/SHxuL83JB7394bE4\/7ekHjcD4bEn2cTt\/ryXpOlPWPW7npxQ+DGWB41c8X2LuNOxheyMdW0ypuTNP4cf2dHy8nWimGbvqoD7h+LZqfdxIlJDA\/CHHbeG+MW0EeHlA+bLbieuvRHjlxuo6J67bje1uHLYO3p7Z3xmmPcheUbDFkF3r6Y8HXDM\/iACXiVLQHonAHCiP7kcyK7JFXzvhpNtqMSOWTHLcDwlDDsvyVmn+z17MNpGEpoff00lPDw+IEooTUenBJa08EpoROS8JTQGt8DJbTGg1NCx+\/QlNDJktCU0JoOfk650L8ooB\/QRY4GTqrTmzU8tj31N7lsR\/p+Og8qVpvUG\/lmp73z0Ttc\/s0wou6kktTyBkpP\/ffXf\/5dXPkf\" \/><\/form> \t<div class=\"pdf24Plugin-cp-link\"> \t\t<a href=\"#\" onclick=\"var pdf24Win = window.open('about:blank', 'pdf24PopWin', 'resizable=yes,scrollbars=yes,width=600,height=250,left='+(screen.width\/2-300)+',top='+(screen.height\/3-125)+''); pdf24Win.focus(); document.pdf24Form0.submit(); if(typeof pdf24OnCreatePDF === 'function'){void(pdf24OnCreatePDF(this,pdf24Win));} return false;\">Diesen Beitrag als PDF herunterladen<\/a> \t<\/div> <\/div>","protected":false},"excerpt":{"rendered":"<p>Es sind wieder einige Tage vergangen und ich habe auch die letzte Urlaubswoche gut nutzen k\u00f6nnen, um in der Au\u00dfenk\u00fcche weiter voran zu kommen. Nachdem die ersten Reihen Kalksandsteine gesetzt waren, konnten auch schon die ersten Schalungen erstellt werden. Neben dem vorhandenen Kr\u00e4uterbeet nimmt sp\u00e4ter mein Kamado Joe seinen Platz ein. Dort habe ich den daf\u00fcr vorgesehenen Sockel mit der entsprechenden Bewehrung gegossen. Zuvor habe ich die beiden bereits vorhandenen Au\u00dfensteckdosen aus dem Klinkermauerwerk in das Unterteil des Kamado Joe [&hellip;]<\/p>\n","protected":false},"author":1,"featured_media":2018,"comment_status":"open","ping_status":"open","sticky":false,"template":"post-templates\/post_nosidebar.php","format":"standard","meta":{"ngg_post_thumbnail":0,"jetpack_post_was_ever_published":false,"_jetpack_newsletter_access":"","_jetpack_dont_email_post_to_subs":false,"_jetpack_newsletter_tier_id":0,"_jetpack_memberships_contains_paywalled_content":false,"_jetpack_memberships_contains_paid_content":false,"footnotes":"","jetpack_publicize_message":"","jetpack_publicize_feature_enabled":true,"jetpack_social_post_already_shared":true,"jetpack_social_options":{"image_generator_settings":{"template":"highway","default_image_id":0,"font":"","enabled":false},"version":2}},"categories":[520,88,30],"tags":[656,600,589,592,624,648,521,576,635,537,633,536,597,134,160,594,581,603,590,583,615,614,598,649,599,617,626,609,632,380,650,582,657,575,642,623,630,651,606,627,625,613,572,571,91,652,644,593,577,610,643,547,628,604,653,647,605,618,616,161,551,629,631,602,607,612,601,608,640,636,638,655,634,591,573,596,595,587,586,622,574,654,641,646,621,538,585,584,619,639,611,620,579,119,588,580,645,578,637,158],"class_list":["post-1996","post","type-post","status-publish","format-standard","has-post-thumbnail","hentry","category-aussenkueche","category-bbq","category-diy","tag-656","tag-aluminium-terassendach","tag-arbeitsplatte","tag-aufgedickt","tag-ausrichten","tag-ausrichtung","tag-aussenkueche","tag-aussensteckdose","tag-begrenzungsdraht","tag-beton","tag-bewaessert","tag-bewehrung","tag-bormaschine","tag-dach","tag-deckel","tag-duebel","tag-durchfuehrung","tag-eindeckung","tag-einschalen","tag-elektrik","tag-entwaesserung","tag-fallrohr","tag-fantasie","tag-fixierung","tag-frickelsarbeit","tag-fundamentbetonstein","tag-gabelstapler","tag-garagenwand","tag-garten","tag-gasgrill","tag-gaskochfeld","tag-gaszuleitung","tag-gefaelle","tag-gegossen","tag-gegraben","tag-gesamtkonstrukt","tag-grundstueck","tag-grundstuecksgrenze","tag-helfer","tag-hoehe","tag-hubwagen","tag-innenliegend","tag-kalksandsteine","tag-kalksandsteinklinkersteinen","tag-kamado-joe","tag-keilelement","tag-kernbohrung","tag-klinker-kalksandsteine","tag-klinkermauerwerk","tag-konstrukt","tag-konus","tag-kraeuterbeet","tag-kreativitaet","tag-led-beleuchtung","tag-lichtdurchlaessig","tag-loesen","tag-material","tag-mauersteine","tag-mauerwerk","tag-montage","tag-moertel","tag-muskelkraft","tag-oberflaechenwasser","tag-opal","tag-pascal","tag-pfosten","tag-polycarbonat","tag-quertraeger","tag-rasenflaeche","tag-rasenmaehroboter","tag-rasensrenkleranlage","tag-reduzierung","tag-regenwasser","tag-riemchen","tag-schalungen","tag-schlagbohren","tag-schlagen","tag-schrank","tag-schraenke","tag-schwer","tag-sockel","tag-sonnenenergie","tag-spaten","tag-spuelenunterschrank","tag-stahlkern","tag-steine","tag-sturz","tag-stuerze","tag-terrassenpflaster","tag-tief","tag-traegerpfosten","tag-ueberdachung","tag-umgelegt","tag-unterirdisch","tag-unterkante","tag-unterschrank","tag-urlaub","tag-verlaengert","tag-wasserrohr","tag-zisterne"],"jetpack_publicize_connections":[],"jetpack_featured_media_url":"https:\/\/www.marcelcuvelier.de\/wp-content\/uploads\/2020\/07\/20200720_203348-scaled.jpg","jetpack_shortlink":"https:\/\/wp.me\/p4qNjn-wc","jetpack_sharing_enabled":true,"jetpack_likes_enabled":true,"_links":{"self":[{"href":"https:\/\/www.marcelcuvelier.de\/index.php?rest_route=\/wp\/v2\/posts\/1996","targetHints":{"allow":["GET"]}}],"collection":[{"href":"https:\/\/www.marcelcuvelier.de\/index.php?rest_route=\/wp\/v2\/posts"}],"about":[{"href":"https:\/\/www.marcelcuvelier.de\/index.php?rest_route=\/wp\/v2\/types\/post"}],"author":[{"embeddable":true,"href":"https:\/\/www.marcelcuvelier.de\/index.php?rest_route=\/wp\/v2\/users\/1"}],"replies":[{"embeddable":true,"href":"https:\/\/www.marcelcuvelier.de\/index.php?rest_route=%2Fwp%2Fv2%2Fcomments&post=1996"}],"version-history":[{"count":14,"href":"https:\/\/www.marcelcuvelier.de\/index.php?rest_route=\/wp\/v2\/posts\/1996\/revisions"}],"predecessor-version":[{"id":2022,"href":"https:\/\/www.marcelcuvelier.de\/index.php?rest_route=\/wp\/v2\/posts\/1996\/revisions\/2022"}],"wp:featuredmedia":[{"embeddable":true,"href":"https:\/\/www.marcelcuvelier.de\/index.php?rest_route=\/wp\/v2\/media\/2018"}],"wp:attachment":[{"href":"https:\/\/www.marcelcuvelier.de\/index.php?rest_route=%2Fwp%2Fv2%2Fmedia&parent=1996"}],"wp:term":[{"taxonomy":"category","embeddable":true,"href":"https:\/\/www.marcelcuvelier.de\/index.php?rest_route=%2Fwp%2Fv2%2Fcategories&post=1996"},{"taxonomy":"post_tag","embeddable":true,"href":"https:\/\/www.marcelcuvelier.de\/index.php?rest_route=%2Fwp%2Fv2%2Ftags&post=1996"}],"curies":[{"name":"wp","href":"https:\/\/api.w.org\/{rel}","templated":true}]}}