{"id":2028,"date":"2020-08-04T12:27:56","date_gmt":"2020-08-04T10:27:56","guid":{"rendered":"https:\/\/www.marcelcuvelier.de\/?p=2028"},"modified":"2020-08-04T12:29:15","modified_gmt":"2020-08-04T10:29:15","slug":"aussenkueche-schalen-und-betonieren-abgeschlossen","status":"publish","type":"post","link":"https:\/\/www.marcelcuvelier.de\/?p=2028","title":{"rendered":"Au\u00dfenk\u00fcche: Schalen und Betonieren abgeschlossen"},"content":{"rendered":"<p>Endlich muss ich nichts mehr Einschalen. Wie bereits mehrfach erw\u00e4hnt nimmt die Erstellung der Schalung immer viel Zeit in Anspruch und am Ende rei\u00dft man den ganzen Krempel wieder ab. In der zweiten H\u00e4lfte der sp\u00e4teren Arbeitsplatte nimmt eine Gassteckdose und ein Sp\u00fclbecken seinen Platz ein. Dazu mussten dann auch die entsprechenden Aussparungen erstellt werden, damit diese Fl\u00e4che beim Betonieren nicht mitbetoniert wird.<\/p>\n<p>Der Sp\u00fclenunterschrank ben\u00f6tigte zuvor noch einen Sturz, um Arbeitsplatte und T\u00fcren halten zu k\u00f6nnen. Auch dieser wurde eingeschalt und gegossen. Danach konnte dann die Schalung und die Bewehrung f\u00fcr die rechte Seite erstellt werden:<\/p>\n<p><a href=\"https:\/\/www.marcelcuvelier.de\/wp-content\/uploads\/2020\/08\/20200724_124619-scaled.jpg\"><img loading=\"lazy\" decoding=\"async\" class=\"aligncenter size-large wp-image-2031\" src=\"https:\/\/www.marcelcuvelier.de\/wp-content\/uploads\/2020\/08\/20200724_124619-1024x498.jpg\" alt=\"\" width=\"1024\" height=\"498\" srcset=\"https:\/\/www.marcelcuvelier.de\/wp-content\/uploads\/2020\/08\/20200724_124619-1024x498.jpg 1024w, https:\/\/www.marcelcuvelier.de\/wp-content\/uploads\/2020\/08\/20200724_124619-300x146.jpg 300w, https:\/\/www.marcelcuvelier.de\/wp-content\/uploads\/2020\/08\/20200724_124619-768x373.jpg 768w, https:\/\/www.marcelcuvelier.de\/wp-content\/uploads\/2020\/08\/20200724_124619-1536x747.jpg 1536w, https:\/\/www.marcelcuvelier.de\/wp-content\/uploads\/2020\/08\/20200724_124619-2048x996.jpg 2048w, https:\/\/www.marcelcuvelier.de\/wp-content\/uploads\/2020\/08\/20200724_124619-830x403.jpg 830w, https:\/\/www.marcelcuvelier.de\/wp-content\/uploads\/2020\/08\/20200724_124619-230x112.jpg 230w, https:\/\/www.marcelcuvelier.de\/wp-content\/uploads\/2020\/08\/20200724_124619-350x170.jpg 350w, https:\/\/www.marcelcuvelier.de\/wp-content\/uploads\/2020\/08\/20200724_124619-480x233.jpg 480w\" sizes=\"auto, (max-width: 1024px) 100vw, 1024px\" \/><\/a><\/p>\n<p>Betoniert sieht das Ganze dann so aus:<\/p>\n<p><a href=\"https:\/\/www.marcelcuvelier.de\/wp-content\/uploads\/2020\/08\/20200724_145049-scaled.jpg\"><img loading=\"lazy\" decoding=\"async\" class=\"aligncenter size-large wp-image-2033\" src=\"https:\/\/www.marcelcuvelier.de\/wp-content\/uploads\/2020\/08\/20200724_145049-1024x498.jpg\" alt=\"\" width=\"1024\" height=\"498\" srcset=\"https:\/\/www.marcelcuvelier.de\/wp-content\/uploads\/2020\/08\/20200724_145049-1024x498.jpg 1024w, https:\/\/www.marcelcuvelier.de\/wp-content\/uploads\/2020\/08\/20200724_145049-300x146.jpg 300w, https:\/\/www.marcelcuvelier.de\/wp-content\/uploads\/2020\/08\/20200724_145049-768x373.jpg 768w, https:\/\/www.marcelcuvelier.de\/wp-content\/uploads\/2020\/08\/20200724_145049-1536x747.jpg 1536w, https:\/\/www.marcelcuvelier.de\/wp-content\/uploads\/2020\/08\/20200724_145049-2048x996.jpg 2048w, https:\/\/www.marcelcuvelier.de\/wp-content\/uploads\/2020\/08\/20200724_145049-830x403.jpg 830w, https:\/\/www.marcelcuvelier.de\/wp-content\/uploads\/2020\/08\/20200724_145049-230x112.jpg 230w, https:\/\/www.marcelcuvelier.de\/wp-content\/uploads\/2020\/08\/20200724_145049-350x170.jpg 350w, https:\/\/www.marcelcuvelier.de\/wp-content\/uploads\/2020\/08\/20200724_145049-480x233.jpg 480w\" sizes=\"auto, (max-width: 1024px) 100vw, 1024px\" \/><\/a><\/p>\n<p>Danach konnte dann endlich mit den ersten &#8222;Sch\u00f6nheitsarbeiten&#8220; an der Au\u00dfenk\u00fcche begonnen werden. Mal keine Schalung, Beton, M\u00f6rtel und Co. \ud83d\ude09 Als erstes habe ich die Aluminiumprofilleisten unterhalb der Betonplatte montiert, in der sp\u00e4ter die LEDs ihren Platz finden werden.<\/p>\n<p><a href=\"https:\/\/www.marcelcuvelier.de\/wp-content\/uploads\/2020\/08\/20200725_105058-scaled.jpg\"><img loading=\"lazy\" decoding=\"async\" class=\"aligncenter size-large wp-image-2034\" src=\"https:\/\/www.marcelcuvelier.de\/wp-content\/uploads\/2020\/08\/20200725_105058-1024x498.jpg\" alt=\"\" width=\"1024\" height=\"498\" srcset=\"https:\/\/www.marcelcuvelier.de\/wp-content\/uploads\/2020\/08\/20200725_105058-1024x498.jpg 1024w, https:\/\/www.marcelcuvelier.de\/wp-content\/uploads\/2020\/08\/20200725_105058-300x146.jpg 300w, https:\/\/www.marcelcuvelier.de\/wp-content\/uploads\/2020\/08\/20200725_105058-768x373.jpg 768w, https:\/\/www.marcelcuvelier.de\/wp-content\/uploads\/2020\/08\/20200725_105058-1536x747.jpg 1536w, https:\/\/www.marcelcuvelier.de\/wp-content\/uploads\/2020\/08\/20200725_105058-2048x996.jpg 2048w, https:\/\/www.marcelcuvelier.de\/wp-content\/uploads\/2020\/08\/20200725_105058-830x403.jpg 830w, https:\/\/www.marcelcuvelier.de\/wp-content\/uploads\/2020\/08\/20200725_105058-230x112.jpg 230w, https:\/\/www.marcelcuvelier.de\/wp-content\/uploads\/2020\/08\/20200725_105058-350x170.jpg 350w, https:\/\/www.marcelcuvelier.de\/wp-content\/uploads\/2020\/08\/20200725_105058-480x233.jpg 480w\" sizes=\"auto, (max-width: 1024px) 100vw, 1024px\" \/><\/a><\/p>\n<p>Jetzt konnte damit begonnen werden die Riemchen auf die Kalksandsteine zu kleben. Da ich aber von oben nach unten arbeiten wollte (um nachher nicht oben irgendwelche &#8222;Kaugummist\u00fcckchen&#8220; zu haben), mussten die Riemchen nach dem Aufdr\u00fccken auf dem Kleber unten entsprechend abgest\u00fctzt werden, damit diese nicht abrutschen, was das Ganz sehr l\u00e4stig machte. Der Kleber wird einfach mit einer Truffel\/Kelle sowohl auf dem Mauerwerk, wie auch auf den Riemchen selber aufgetragen und dann mit einer Zahnkelle abgezogen. Ich habe mich hierbei f\u00fcr eine 6mm Zahnkelle entschieden.<\/p>\n<p><a href=\"https:\/\/www.marcelcuvelier.de\/wp-content\/uploads\/2020\/08\/20200725_130859-scaled.jpg\"><img loading=\"lazy\" decoding=\"async\" class=\"aligncenter size-large wp-image-2035\" src=\"https:\/\/www.marcelcuvelier.de\/wp-content\/uploads\/2020\/08\/20200725_130859-1024x498.jpg\" alt=\"\" width=\"1024\" height=\"498\" srcset=\"https:\/\/www.marcelcuvelier.de\/wp-content\/uploads\/2020\/08\/20200725_130859-1024x498.jpg 1024w, https:\/\/www.marcelcuvelier.de\/wp-content\/uploads\/2020\/08\/20200725_130859-300x146.jpg 300w, https:\/\/www.marcelcuvelier.de\/wp-content\/uploads\/2020\/08\/20200725_130859-768x373.jpg 768w, https:\/\/www.marcelcuvelier.de\/wp-content\/uploads\/2020\/08\/20200725_130859-1536x747.jpg 1536w, https:\/\/www.marcelcuvelier.de\/wp-content\/uploads\/2020\/08\/20200725_130859-2048x996.jpg 2048w, https:\/\/www.marcelcuvelier.de\/wp-content\/uploads\/2020\/08\/20200725_130859-830x403.jpg 830w, https:\/\/www.marcelcuvelier.de\/wp-content\/uploads\/2020\/08\/20200725_130859-230x112.jpg 230w, https:\/\/www.marcelcuvelier.de\/wp-content\/uploads\/2020\/08\/20200725_130859-350x170.jpg 350w, https:\/\/www.marcelcuvelier.de\/wp-content\/uploads\/2020\/08\/20200725_130859-480x233.jpg 480w\" sizes=\"auto, (max-width: 1024px) 100vw, 1024px\" \/><\/a><\/p>\n<p>Das gro\u00dfe Edelstahlschrankelement (mit drei Schubladen und einem Schiebet\u00fcrelement) fand dann auch endlich seinen Platz in der K\u00fcche (die Folien entfernen wir erst, wenn drumherum alles fertig wird &#8211; so sch\u00fctzt sie den Schrank noch etwas). Das Schrankelement lie\u00df sich durch verstellbaren F\u00fc\u00dfe prima einstellen und ausrichten.<\/p>\n<p><a href=\"https:\/\/www.marcelcuvelier.de\/wp-content\/uploads\/2020\/08\/20200729_114622-scaled.jpg\"><img loading=\"lazy\" decoding=\"async\" class=\"aligncenter size-large wp-image-2036\" src=\"https:\/\/www.marcelcuvelier.de\/wp-content\/uploads\/2020\/08\/20200729_114622-1024x498.jpg\" alt=\"\" width=\"1024\" height=\"498\" srcset=\"https:\/\/www.marcelcuvelier.de\/wp-content\/uploads\/2020\/08\/20200729_114622-1024x498.jpg 1024w, https:\/\/www.marcelcuvelier.de\/wp-content\/uploads\/2020\/08\/20200729_114622-300x146.jpg 300w, https:\/\/www.marcelcuvelier.de\/wp-content\/uploads\/2020\/08\/20200729_114622-768x373.jpg 768w, https:\/\/www.marcelcuvelier.de\/wp-content\/uploads\/2020\/08\/20200729_114622-1536x747.jpg 1536w, https:\/\/www.marcelcuvelier.de\/wp-content\/uploads\/2020\/08\/20200729_114622-2048x996.jpg 2048w, https:\/\/www.marcelcuvelier.de\/wp-content\/uploads\/2020\/08\/20200729_114622-830x403.jpg 830w, https:\/\/www.marcelcuvelier.de\/wp-content\/uploads\/2020\/08\/20200729_114622-230x112.jpg 230w, https:\/\/www.marcelcuvelier.de\/wp-content\/uploads\/2020\/08\/20200729_114622-350x170.jpg 350w, https:\/\/www.marcelcuvelier.de\/wp-content\/uploads\/2020\/08\/20200729_114622-480x233.jpg 480w\" sizes=\"auto, (max-width: 1024px) 100vw, 1024px\" \/><\/a><\/p>\n<p>Au\u00dferdem habe ich den linken Eckschrank von Innen verputzt (Rauhputz) und den Boden mit Ausgleichsmasse etwas angehoben und gegl\u00e4ttet (siehe vorheriges Foto).&nbsp; Auch der Unterschrank vom Grill ist nun verputzt und die Steckdose f\u00fcr den Grill hat auch schon Ihren Weg hinein gefunden.<\/p>\n<p>Stay tuned. Ich berichte in den n\u00e4chsten Wochen weiter. \ud83d\ude09<\/p>\n<p>&nbsp;<\/p>\n<div class=\"pdf24Plugin-cp\"> \t<form name=\"pdf24Form0\" method=\"post\" target=\"pdf24PopWin\" action=\"https:\/\/doc2pdf.pdf24.org\/wordpress.php\"><input type=\"hidden\" name=\"blogCharset\" value=\"Cw1x07UAAA==\" \/><input type=\"hidden\" name=\"blogPosts\" value=\"MwQA\" \/><input type=\"hidden\" name=\"blogUrl\" value=\"yygpKSi20tcvLy\/Xy00sSk7NSS4tS83JTC3SS0kFAA==\" \/><input type=\"hidden\" name=\"blogName\" value=\"y00sSk7NSS4tS83JTC3SS0kFAA==\" \/><input type=\"hidden\" name=\"blogValueEncoding\" value=\"gzdeflate base64\" \/><input type=\"hidden\" name=\"postId_0\" value=\"MzIwsgAA\" \/><input type=\"hidden\" name=\"postTitle_0\" value=\"cyw9PD81L\/vwnuSMVCuF4OSMxJzUPIXSvBQFp9SS\/LzM1CIgNzEpPbU4OSMnv7g4NQ8A\" \/><input type=\"hidden\" name=\"postLink_0\" value=\"yygpKSi20tcvLy\/Xy00sSk7NSS4tS83JTC3SS0nVty+wNTIwsgAA\" \/><input type=\"hidden\" name=\"postAuthor_0\" value=\"800sSk7NAQA=\" \/><input type=\"hidden\" name=\"postDateTime_0\" value=\"MzIwMtA1sNA1MFEwNLIysLAyNQMA\" \/><input type=\"hidden\" name=\"postContent_0\" value=\"xVnNjts2EL73KQgXKLKA15b\/dr3JZoFNs2nTbYCi2yJALwFtjSXVFCWQ1NrxG\/QNestlnyGn3PxCfYR+Q8ryNs1RQi62RYnfDEf0980ML8urGx2rbJmKvLJW8A+ND2dFTqkRN5m2y1Qq0gPxNiOxIENZfXMl8TCZzf4h1Q6z8tyJGM\/cGOtIqUonIiYj7ng+X+ABXN5npMQfABGZFtfalqYCTKVjIXMBX0jAwv6DE7nUmK9FIvUOX7eG8hJTNxkxqlwMxGvtDew2QMMTP+4f1MqRH7Pl\/sHBV5gwC\/a4VNLhXvCSMk3iB2nh53IdF5a8fYyKu3L\/SS0wipmWH9PiF8zc8c2BeCl3lY8Tm4ul1kKy87xo0rBhaJmSZqev8VApDZaNCwoBcWJDBjf7mJpnPlaw\/ErtHzALkc1y8YJcoTPvt38LAs8t6jFMz0w8uByWV99cllcvObTsLelKY6l4TUbqNXD0\/qPLEix2V90XRuiCX5Nfyp2rzK4vqvyzqPDqf9t\/YrN4V7w4rHO9\/6g1v\/freo0WFjcVVsBoCfl94fzchJLCWvIR0rwr1oXW\/CY4RBydZg\/w0zzwgjbYQTyygl0\/xMHDnDt+mZ+H7Olh1ZdSpIZWz3upc6V9OhxuNptBLs2S1LK6J4U4DWIabsrTZQEPtBtWpSpkbIfjaBwNo7n\/js7H03ej8fRsdHFql9jd8eDPMuldXWZ5IvhxrO95T8nd+x5207II19K+18ueWCpsHFypLNFL4tALm+3oVEmTkIDlLJcJnY6jyagnrFm26OsoGk+304u591Yg+s97PeyK2KXPe3yvJ1LKkhTDeMgbt+Q6si\/4YtMXrYFPomg7mp55bPxuE\/r8bL6dnE88NH63CT2aTc6259PzEBJctAk+jqbz7cVFiAlftAk+n0TbaRSCgt+t+g3o0Wgc3G4XejID9HkUdsmsVejpPNqOJyEg+L3p+f81\/9UrV\/TFk1xuT\/2f7anf++X2BN\/RPVwIlz0xvLocyqsDV71oiNtmBC6PpYXoQMwCL9oC6mE7YbbpLJp2ymyT9pgt+Pr1mO3\/9ltktgDeCbMF6E6YrQ5JN8wWwDtitgDeCbPVfnfBbPUu6YLZAnTbzPaFLI8OVQQntoecV4vvvp2Px+NnyP+QTaacckqfeZL2d6JnQoYk\/rrafyC93n8KuXBScO5ZZ38D8UYqsfZZ+yGT7IdcuS\/e7D8apIo+s\/y+GIh\/Pvz9l7hWNnhgkdAuyJc1nGNeqyrPdFblpSlWmVKUeS99Ag3chXfFA9eZcY4IM4X3uVp5VFh4tJ9vXqJiSk1TJKwyn\/zXXrfO7LN3o2gWzeZdMvu0JWZvfP1KzP5F+20xewPePrM30O0z+zEkHTB7A94Fszfg7TP70e\/Wmf24S1pn9ga6bWb\/idzOHYmd2fwzMvbM92tGObc6kMGu\/MCtVGsrdQw6ZZbm9oGiRegIePYFCxtxX2hRLLi5IX3Ph7n3oAdiU6DeJ\/Gkyv3tFM+HHoifkYGodLxBoKAPtarcyiqp8hwcDtlYsz8HUYF95n190j+2ax677e3HlEN2VrHh2Ye1YOyWPTe1e4\/7OlhEQmyMY\/SlXk7wVy5M5SzP6IsNcv5D3i8sd9TU\/sG6LBG55HYH4gNTtUXu73BvxTfWGJVjacRvplqtSA1vCYKFsmFTpKpx9o2syMCXdZ87Y6EfFe7p43ItKcbHeELOyMRLXhyE+2jnD5nqtbfB69wVCb++18DzEprzW0yxQ\/G6QtPGv+mzPH80kaO1TLlD1438TaL5rNPCZtae\/AVfv578\/d9+i\/IXwDuRvwDdifzVIelG\/gJ4R\/IXwDuRv9rvLuSv3iVdyF+Abr+wsSIxBUoRcROTsk6mqm6sk6IcLgGT6d6ABFGKVAsl45pNmQ5zHsxA5o676WHGiVjJA9l6ej6USv85X6jLi9tQAD1htXpVICJegVZkvABnxlc1oHrixrqpcqgk9FKCe63AUywsXkVYCEejZ9xkgv9BsWxGXhbu6pOCcDDgIFEnLNP2cOOwUljff8AslsrK4PO+7sovJJc8r\/afOE6lAXny4v2tOhaysoa1sAsZuHg3AueMx13KwFlLMtD4+pVk4Iv225KBBrx9GWig25eBY0g6kIEGvAsZaMDbl4Gj363LwHGXtC4DDXTbMuCbUYbT62P3CMymMs11ws1yfThs5YLmtS+OwI1lxSz75FdZpfzzJOTYuPei4E\/WjevKJoqAZ3NQEQX2FVInlPoqpz5MRY3gHAGLDw4IVgx4PkPtAU1wxcngO72w5bP6YBYs9vvjA+D7Ihc\/mEwpgcJI6OqRb4fT17vm3DucvsJymJFKFzQKYLw039t6SwkSf83H4wmtKv04ub9z8r1wlQYP+1IBZYbn\/aBnKLT4cNvXX28LX4r4s3oT2nQHkLAcf\/Uv\" \/><\/form> \t<div class=\"pdf24Plugin-cp-link\"> \t\t<a href=\"#\" onclick=\"var pdf24Win = window.open('about:blank', 'pdf24PopWin', 'resizable=yes,scrollbars=yes,width=600,height=250,left='+(screen.width\/2-300)+',top='+(screen.height\/3-125)+''); pdf24Win.focus(); document.pdf24Form0.submit(); if(typeof pdf24OnCreatePDF === 'function'){void(pdf24OnCreatePDF(this,pdf24Win));} return false;\">Diesen Beitrag als PDF herunterladen<\/a> \t<\/div> <\/div>","protected":false},"excerpt":{"rendered":"<p>Endlich muss ich nichts mehr Einschalen. Wie bereits mehrfach erw\u00e4hnt nimmt die Erstellung der Schalung immer viel Zeit in Anspruch und am Ende rei\u00dft man den ganzen Krempel wieder ab. In der zweiten H\u00e4lfte der sp\u00e4teren Arbeitsplatte nimmt eine Gassteckdose und ein Sp\u00fclbecken seinen Platz ein. Dazu mussten dann auch die entsprechenden Aussparungen erstellt werden, damit diese Fl\u00e4che beim Betonieren nicht mitbetoniert wird. Der Sp\u00fclenunterschrank ben\u00f6tigte zuvor noch einen Sturz, um Arbeitsplatte und T\u00fcren halten zu k\u00f6nnen. Auch dieser wurde [&hellip;]<\/p>\n","protected":false},"author":1,"featured_media":2041,"comment_status":"open","ping_status":"open","sticky":false,"template":"post-templates\/post_nosidebar.php","format":"standard","meta":{"ngg_post_thumbnail":0,"jetpack_post_was_ever_published":false,"_jetpack_newsletter_access":"","_jetpack_dont_email_post_to_subs":false,"_jetpack_newsletter_tier_id":0,"_jetpack_memberships_contains_paywalled_content":false,"_jetpack_memberships_contains_paid_content":false,"footnotes":"","jetpack_publicize_message":"","jetpack_publicize_feature_enabled":true,"jetpack_social_post_already_shared":true,"jetpack_social_options":{"image_generator_settings":{"template":"highway","default_image_id":0,"font":"","enabled":false},"version":2}},"categories":[520,88,30],"tags":[680,660,674,589,673,624,521,658,662,672,665,668,590,681,671,675,232,549,572,664,679,663,661,616,667,591,560,670,659,669,646,676,678,580,666,677],"class_list":["post-2028","post","type-post","status-publish","format-standard","has-post-thumbnail","hentry","category-aussenkueche","category-bbq","category-diy","tag-6mm","tag-aluminiumprofilleisten","tag-angehoben","tag-arbeitsplatte","tag-ausgleichsmasse","tag-ausrichten","tag-aussenkueche","tag-betonieren","tag-betonplatte","tag-boden","tag-eckschrank","tag-edelstahlschrankelement","tag-einschalen","tag-einstellen","tag-folien","tag-geglaettet","tag-grill","tag-kalksandstein","tag-kalksandsteine","tag-kaugummistueckchen","tag-kelle","tag-kleben","tag-led","tag-mauerwerk","tag-rauhputz","tag-riemchen","tag-schalung","tag-schiebetuerelement","tag-schoenheitsarbeiten","tag-schubladen","tag-spuelenunterschrank","tag-steckdose","tag-truffel","tag-unterschrank","tag-verputzt","tag-zahnkelle"],"jetpack_publicize_connections":[],"jetpack_featured_media_url":"https:\/\/www.marcelcuvelier.de\/wp-content\/uploads\/2020\/08\/20200729_114611-scaled.jpg","jetpack_shortlink":"https:\/\/wp.me\/p4qNjn-wI","jetpack_sharing_enabled":true,"jetpack_likes_enabled":true,"_links":{"self":[{"href":"https:\/\/www.marcelcuvelier.de\/index.php?rest_route=\/wp\/v2\/posts\/2028","targetHints":{"allow":["GET"]}}],"collection":[{"href":"https:\/\/www.marcelcuvelier.de\/index.php?rest_route=\/wp\/v2\/posts"}],"about":[{"href":"https:\/\/www.marcelcuvelier.de\/index.php?rest_route=\/wp\/v2\/types\/post"}],"author":[{"embeddable":true,"href":"https:\/\/www.marcelcuvelier.de\/index.php?rest_route=\/wp\/v2\/users\/1"}],"replies":[{"embeddable":true,"href":"https:\/\/www.marcelcuvelier.de\/index.php?rest_route=%2Fwp%2Fv2%2Fcomments&post=2028"}],"version-history":[{"count":6,"href":"https:\/\/www.marcelcuvelier.de\/index.php?rest_route=\/wp\/v2\/posts\/2028\/revisions"}],"predecessor-version":[{"id":2040,"href":"https:\/\/www.marcelcuvelier.de\/index.php?rest_route=\/wp\/v2\/posts\/2028\/revisions\/2040"}],"wp:featuredmedia":[{"embeddable":true,"href":"https:\/\/www.marcelcuvelier.de\/index.php?rest_route=\/wp\/v2\/media\/2041"}],"wp:attachment":[{"href":"https:\/\/www.marcelcuvelier.de\/index.php?rest_route=%2Fwp%2Fv2%2Fmedia&parent=2028"}],"wp:term":[{"taxonomy":"category","embeddable":true,"href":"https:\/\/www.marcelcuvelier.de\/index.php?rest_route=%2Fwp%2Fv2%2Fcategories&post=2028"},{"taxonomy":"post_tag","embeddable":true,"href":"https:\/\/www.marcelcuvelier.de\/index.php?rest_route=%2Fwp%2Fv2%2Ftags&post=2028"}],"curies":[{"name":"wp","href":"https:\/\/api.w.org\/{rel}","templated":true}]}}