{"id":2181,"date":"2020-11-01T16:10:31","date_gmt":"2020-11-01T15:10:31","guid":{"rendered":"https:\/\/www.marcelcuvelier.de\/?p=2181"},"modified":"2020-11-01T17:48:29","modified_gmt":"2020-11-01T16:48:29","slug":"der-panoramaweg-am-mechernicher-bleiberg","status":"publish","type":"post","link":"https:\/\/www.marcelcuvelier.de\/?p=2181","title":{"rendered":"Der Panoramaweg am Mechernicher Bleiberg"},"content":{"rendered":"<p>Heute war nochmal richtig sch\u00f6nes Herbstwetter gemeldet. Das mussten wir einfach f\u00fcr eine Wanderung nutzen. Dieses Mal haben wir uns f\u00fcr eine Wanderung rund um den Mechernicher Bleiberg entschieden. Die Route gilt als sogenannter Panoramaweg und hier ist der Name wirklich Programm. Die Route war abwechslungsreich. Mal ging es durch den Wald, mal \u00fcber Felder, es gab Wasser zu sehen und nat\u00fcrlich gab es auch Einblicke in den Bergbau. \u00dcbrigens kann man diese Wanderung noch prima mit einem Besuch im Bergbaumuseum kombinieren. Dazu sp\u00e4ter ein paar Details.<\/p>\n<p>Geparkt haben wir auf dem Wandererparkplatz am Ortsende von Mechernich, unmittelbar neben dem Bergbaumuseum. Von Dort aus gehts dann nur noch ein paar Meter der Stra\u00dfe entlang, bis dann die Route im Wald richtig losgeht. Wir sind in Summe 13,56km in 3:50 Stunden gelaufen und hatten dabei 556m Anstieg &#8211; ist also auch f\u00fcr unge\u00fcbte Wanderer gut machbar. Die zwischenzeitlichen Anstiege werden dann immer wieder mit einem fantastischen Ausblick belohnt. Einfach herrlich.<\/p>\n<p>Unterwegs lernt man aber auch noch viele kleine geschichtliche Details kennen, wie z. B. den langen Emil, ein Wahrzeichen Mechernichs. Mit 134,6m H\u00f6he war er mal der h\u00f6chste Kamin Europas. 1961 wurde der lange Emil aber gesprengt und seit dem ist nur noch der Kaminfu\u00df erhalten. Etwas weiter trifft man auf dem Baltesbendener Weiher, welcher w\u00e4hrend der Bergwerkszeit als Wasserreservoir genutzt wurde. Ein klein wenig vom Rundweg abgesetzt trifft man auf das letzte erhaltene Schachtbauwerk Mechernichs, dem Malakow-Turm. Der Schacht diente der Personenf\u00f6rderung und wurde wegen seiner Bauweise nach der russischen Festung Malakow benannt, dessen Festungsbaumeister der deutsch-baltische General Eduard Iwanowitsch von Totleben war. Das Bauwerk ist nach-wie-vor sehr h\u00fcbsch anzusehen:<\/p>\n<p><a href=\"https:\/\/www.marcelcuvelier.de\/wp-content\/uploads\/2020\/11\/20201031_115201-scaled.jpg\"><img loading=\"lazy\" decoding=\"async\" class=\"aligncenter size-full wp-image-2185\" src=\"https:\/\/www.marcelcuvelier.de\/wp-content\/uploads\/2020\/11\/20201031_115201-scaled.jpg\" alt=\"\" width=\"1920\" height=\"2560\" srcset=\"https:\/\/www.marcelcuvelier.de\/wp-content\/uploads\/2020\/11\/20201031_115201-scaled.jpg 1920w, https:\/\/www.marcelcuvelier.de\/wp-content\/uploads\/2020\/11\/20201031_115201-225x300.jpg 225w, https:\/\/www.marcelcuvelier.de\/wp-content\/uploads\/2020\/11\/20201031_115201-768x1024.jpg 768w, https:\/\/www.marcelcuvelier.de\/wp-content\/uploads\/2020\/11\/20201031_115201-1152x1536.jpg 1152w, https:\/\/www.marcelcuvelier.de\/wp-content\/uploads\/2020\/11\/20201031_115201-1536x2048.jpg 1536w, https:\/\/www.marcelcuvelier.de\/wp-content\/uploads\/2020\/11\/20201031_115201-830x1107.jpg 830w, https:\/\/www.marcelcuvelier.de\/wp-content\/uploads\/2020\/11\/20201031_115201-230x307.jpg 230w, https:\/\/www.marcelcuvelier.de\/wp-content\/uploads\/2020\/11\/20201031_115201-350x467.jpg 350w, https:\/\/www.marcelcuvelier.de\/wp-content\/uploads\/2020\/11\/20201031_115201-480x640.jpg 480w\" sizes=\"auto, (max-width: 1920px) 100vw, 1920px\" \/><\/a><\/p>\n<p>Als Malakow-Turm bezeichnet man F\u00f6rdert\u00fcrme im Bergbau mit einer charakteristischen Bauform, die vorwiegend in den 1850er bis 1870er Jahren in Kontinentaleuropa in der Schachtf\u00f6rderung \u00fcblich waren, aber vereinzelt auch noch bis zum Ende des 19. Jahrhunderts errichtet wurden. Verwendung fanden sie vorwiegend im Steinkohlenbergbau und im Erz- und Kalisalzbergbau.<\/p>\n<p>Danach gab es wieder einige H\u00f6henmeter zu \u00fcberwinden, um dann mit einem Ausblick in den ehemaligen Tagebau Kallmuther Berg belohnt zu werden. Der Tagebau war die letzte Abbaust\u00e4tte vor Schlie\u00dfung des Bergwerks am 31.12.1957. Vom Aussichtspunkt mit Infotafel kann man auf der gegen\u00fcberliegenden Wand mehrere abgeschnittene Stollen aus der Bergbauzeit erkennen. Diese stammen vermutlich aus dem Mittelalter, wenn nicht sogar aus keltisch-r\u00f6mischer Zeit:<\/p>\n<p><a href=\"https:\/\/www.marcelcuvelier.de\/wp-content\/uploads\/2020\/11\/20201031_123924-scaled.jpg\"><img loading=\"lazy\" decoding=\"async\" class=\"aligncenter size-full wp-image-2189\" src=\"https:\/\/www.marcelcuvelier.de\/wp-content\/uploads\/2020\/11\/20201031_123924-scaled.jpg\" alt=\"\" width=\"2560\" height=\"1920\" srcset=\"https:\/\/www.marcelcuvelier.de\/wp-content\/uploads\/2020\/11\/20201031_123924-scaled.jpg 2560w, https:\/\/www.marcelcuvelier.de\/wp-content\/uploads\/2020\/11\/20201031_123924-300x225.jpg 300w, https:\/\/www.marcelcuvelier.de\/wp-content\/uploads\/2020\/11\/20201031_123924-1024x768.jpg 1024w, https:\/\/www.marcelcuvelier.de\/wp-content\/uploads\/2020\/11\/20201031_123924-768x576.jpg 768w, https:\/\/www.marcelcuvelier.de\/wp-content\/uploads\/2020\/11\/20201031_123924-1536x1152.jpg 1536w, https:\/\/www.marcelcuvelier.de\/wp-content\/uploads\/2020\/11\/20201031_123924-2048x1536.jpg 2048w, https:\/\/www.marcelcuvelier.de\/wp-content\/uploads\/2020\/11\/20201031_123924-830x623.jpg 830w, https:\/\/www.marcelcuvelier.de\/wp-content\/uploads\/2020\/11\/20201031_123924-230x173.jpg 230w, https:\/\/www.marcelcuvelier.de\/wp-content\/uploads\/2020\/11\/20201031_123924-350x263.jpg 350w, https:\/\/www.marcelcuvelier.de\/wp-content\/uploads\/2020\/11\/20201031_123924-480x360.jpg 480w\" sizes=\"auto, (max-width: 2560px) 100vw, 2560px\" \/><\/a><\/p>\n<p>Als die F\u00f6rderung im Bergwerk 1957 infolge der abnehmenden Ausbeute und sinkender Bleipreise beendet wurde arbeiteten dort noch rund 1200 Personen im Bleierzwerk.&nbsp;<\/p>\n<p>Danach gehts wieder weiter durch den Wald, bevor man dann \u00fcber einem Feldweg an der h\u00f6chsten Stelle der Panoramaroute gelangt. Mein GPS-Ger\u00e4t ermittelte hier 523 m \u00fcber NN. Und von hieraus kann man wirklich sehr weit sehen. Sp\u00e4testens hier wird man f\u00fcr jeden (der bisher 8,2 km) gewanderten Meter belohnt.<\/p>\n<p><a href=\"https:\/\/www.marcelcuvelier.de\/wp-content\/uploads\/2020\/11\/20201031_130922resized-scaled.jpg\"><img loading=\"lazy\" decoding=\"async\" class=\"aligncenter size-full wp-image-2192\" src=\"https:\/\/www.marcelcuvelier.de\/wp-content\/uploads\/2020\/11\/20201031_130922resized-scaled.jpg\" alt=\"\" width=\"2560\" height=\"180\" srcset=\"https:\/\/www.marcelcuvelier.de\/wp-content\/uploads\/2020\/11\/20201031_130922resized-scaled.jpg 2560w, https:\/\/www.marcelcuvelier.de\/wp-content\/uploads\/2020\/11\/20201031_130922resized-300x21.jpg 300w, https:\/\/www.marcelcuvelier.de\/wp-content\/uploads\/2020\/11\/20201031_130922resized-1024x72.jpg 1024w, https:\/\/www.marcelcuvelier.de\/wp-content\/uploads\/2020\/11\/20201031_130922resized-768x54.jpg 768w, https:\/\/www.marcelcuvelier.de\/wp-content\/uploads\/2020\/11\/20201031_130922resized-1536x108.jpg 1536w, https:\/\/www.marcelcuvelier.de\/wp-content\/uploads\/2020\/11\/20201031_130922resized-2048x144.jpg 2048w, https:\/\/www.marcelcuvelier.de\/wp-content\/uploads\/2020\/11\/20201031_130922resized-830x59.jpg 830w, https:\/\/www.marcelcuvelier.de\/wp-content\/uploads\/2020\/11\/20201031_130922resized-230x16.jpg 230w, https:\/\/www.marcelcuvelier.de\/wp-content\/uploads\/2020\/11\/20201031_130922resized-350x25.jpg 350w, https:\/\/www.marcelcuvelier.de\/wp-content\/uploads\/2020\/11\/20201031_130922resized-480x34.jpg 480w\" sizes=\"auto, (max-width: 2560px) 100vw, 2560px\" \/><\/a><\/p>\n<p>Nun geht es haupts\u00e4chlich auch nur noch bergab und man wandert zuerst einige Zeit \u00fcber (befestigte) Feldwege. Unterwegs sind immer wieder mal vereinzelte B\u00e4nke f\u00fcr eine Rast vorhanden &#8211; meistens an Stellen, an denen es sich auch lohnt ein paar Minuten zu verweilen.<\/p>\n<p>Am Ende der Runde kann man dann noch das o.g. Bergbaumuseum und\/oder das Besucherbergwerk Mechernich besichtigen. Das Besucherbergwerk ist ein stillgelegtes Bergwerk (oder ein hierf\u00fcr stillgelegter Teil), in dem ehemals eine Aufsuchung oder Gewinnung von Bodensch\u00e4tzen untert\u00e4gig, also in Stollen und Sch\u00e4chten, betrieben wurde. Die Geschichte Mechernichs ist untrennbar mit der Geschichte des Bergbaus verbunden: bereits vor mehr als 2000 Jahren sch\u00fcrften Kelten und R\u00f6mer hier nach den Sch\u00e4tzen untertage, den Bleierzen. F\u00fcr das Bergbaumuseum wurde in den neunziger Jahren das stillgelegte Bleibergwerk in Teilen freigelegt und f\u00fcr Besucher zug\u00e4nglich gemacht. Weiter Informationen, \u00d6ffnungszeiten und Eintrittspreise findet Ihr unter dem folgenden Link: <a href=\"http:\/\/www.bergbaumuseum-mechernich.de\/\" target=\"_blank\" rel=\"noopener noreferrer\">Bergbaumuseum und Besucherbergwerk Mechernich<\/a><\/p>\n<p>Einen zugeh\u00f6rigen Track als GPX Datei k\u00f6nnt Ihr hier als GPX herunterladen: <a href=\"https:\/\/www.marcelcuvelier.de\/wp-content\/uploads\/2020\/11\/2020-10-31-14.29.41.gpx\" target=\"_blank\" rel=\"noopener noreferrer\">Panoramaroute Mechernich GPX Track<\/a> oder als KMZ Datei (u. a. f\u00fcr Google Earth): <a href=\"https:\/\/www.marcelcuvelier.de\/wp-content\/uploads\/2020\/11\/Panoramawanderweg.kmz\" target=\"_blank\" rel=\"noopener noreferrer\">Panoramaroute Mechernich KMZ Track<\/a>.<\/p>\n<p><a href=\"https:\/\/www.marcelcuvelier.de\/wp-content\/uploads\/2020\/11\/Track.jpg\"><img loading=\"lazy\" decoding=\"async\" class=\"aligncenter size-medium wp-image-2249\" src=\"https:\/\/www.marcelcuvelier.de\/wp-content\/uploads\/2020\/11\/Track-300x300.jpg\" alt=\"\" width=\"300\" height=\"300\" srcset=\"https:\/\/www.marcelcuvelier.de\/wp-content\/uploads\/2020\/11\/Track-300x300.jpg 300w, https:\/\/www.marcelcuvelier.de\/wp-content\/uploads\/2020\/11\/Track-150x150.jpg 150w, https:\/\/www.marcelcuvelier.de\/wp-content\/uploads\/2020\/11\/Track-830x834.jpg 830w, https:\/\/www.marcelcuvelier.de\/wp-content\/uploads\/2020\/11\/Track-230x231.jpg 230w, https:\/\/www.marcelcuvelier.de\/wp-content\/uploads\/2020\/11\/Track-480x482.jpg 480w, https:\/\/www.marcelcuvelier.de\/wp-content\/uploads\/2020\/11\/Track.jpg 866w\" sizes=\"auto, (max-width: 300px) 100vw, 300px\" \/><\/a><\/p>\n<p>Hier einige Impressionen unserer Wanderung als Slideshow:<\/p>\nngg_shortcode_0_placeholder\n<div class=\"pdf24Plugin-cp\"> \t<form name=\"pdf24Form0\" method=\"post\" target=\"pdf24PopWin\" action=\"https:\/\/doc2pdf.pdf24.org\/wordpress.php\"><input type=\"hidden\" name=\"blogCharset\" value=\"Cw1x07UAAA==\" \/><input type=\"hidden\" name=\"blogPosts\" value=\"MwQA\" \/><input type=\"hidden\" name=\"blogUrl\" value=\"yygpKSi20tcvLy\/Xy00sSk7NSS4tS83JTC3SS0kFAA==\" \/><input type=\"hidden\" name=\"blogName\" value=\"y00sSk7NSS4tS83JTC3SS0kFAA==\" \/><input type=\"hidden\" name=\"blogValueEncoding\" value=\"gzdeflate base64\" \/><input type=\"hidden\" name=\"postId_0\" value=\"MzK0MAQA\" \/><input type=\"hidden\" name=\"postTitle_0\" value=\"c0ktUghIzMsvSsxNLE9NV0jMVfBNTc5ILcrLBJEKTjmpmUmpRekA\" \/><input type=\"hidden\" name=\"postLink_0\" value=\"yygpKSi20tcvLy\/Xy00sSk7NSS4tS83JTC3SS0nVty+wNTK0MAQA\" \/><input type=\"hidden\" name=\"postAuthor_0\" value=\"800sSk7NAQA=\" \/><input type=\"hidden\" name=\"postDateTime_0\" value=\"MzIwMtA1NNQ1MFQwNLMyNLQyNgQA\" \/><input type=\"hidden\" name=\"postContent_0\" value=\"tVrNbttIEr7PUzS0wCABJFqkfmxnEgMx4jjZbLJBnJks5hI0pRbZI7IpdDctjx5kTwvkkmfIKTe92H5VTdGSkwkGCHOYiSg1q+uv6\/uq2g9XZ89U7ZVYSytMNctLWQirZ7nXmXCzfPvJKCeeKZs6v1beKysyVapirnwknkgnyto5r4xYayuUNgs5y8Vi+5kflHgnzVzZ2mTC1H6jDN7RykHiS2yTy7R5sTbuqy\/hf3NRl2KOdS\/VLFfWaPq\/OC+UTpXNhDIeWmo1b2SLNxVZk+nCC1k44apMGWkMKf5amsrKUq5VJkgwXrNCOw\/xVrySpSJdlgV2EK9tlWFpuS+TPCTTNdRwBZRzVmFlxJZkGsrCqnlt8TJp+04W874gZ24\/Q1HxlFxm+7Qokyl+dg7fbmrhVI7lpI6RHi7g7WkJVsoany+0SfHlUgltWPQ57E5lHYnt\/1KrYZ4TS1iIzfA7eXff64ioWFldSlFqz+4tIcCRYF3uRCGGCl5eVmWqDZzCvpSk3Gr7kTyH98RKwv4nyktduOjh0ersp4ers0u1knbp90Ip6wW0LBsdlKXfV4X0GyFL8W\/rncL34rraD2gf9kM9r4qUslCRrLm6o14kfsNLTyqLwNbwoso9HE6Gmzqk7q2aLxVpTWG98lZuPyjKk0KarC9S3bw1bwOrSw5Xm\/ZF5Uh6JN7BHqcRGsi9qkskSDzqT6bLkr4YPZgMIR6Rg7aZKmB4E8hcejoRc\/hEi8lkWorHxnmNrPv5HydJHP\/CSYfsrEKEOfMRLYVU8ar1nMhqj6DOcjgl5OFmrZHsymyU9pQn2KSRjOxUds6bwjQNVS2iocgDt3FfSOMllrvwZu04r0Sqiio3MPeiOb6ICqdhG+Vf6fjg1DhRIGCeM01SVrP67PprrQollgUf4EzRmYQzWcld0oilMkaZPikmNpE4jzidKSz456LURZ8j+E7mdqOCebc54nDSYEk8Gvfh0GfbT3k4kWQhThlZimKFdfDgC1lCzkVtq5XEe\/HpNBbrGv7hZbwh7xeMgLYrpHzmOXgOvuXkoxi1mUXvsdRFvf2APXNZeDolF36NGrjGO1jgrV4sGu80p+Cc1rmUct5gxTulc6oCa1VwGVtvP+bYes7yKdsRxaWj8HLxClXC4kjb60qTplRFfbCF4xU8DnkGeXtdleINbKD6JlOYpWjxXa0kRRE\/qNYMJa5mOQLvcdZIgX2v99kM1Di5rNaDt7WlkkjnKrxBpwjJwfq\/VtZVCPBi+8k25YccGhwPnRBOR+kBS2kfjUJlZONbCxRp8vKpcp7ebfZEenL9JkXgjfZ3R4UBQnYHfQ4Ug4BBCpNYkrgklyM1Lua1tHPxfI3yv9a0iMvP28oXXGnWfLzglvPGfI48NBsgUQfXlaUaTdn1OaV3pdnUXLQf7I7HQykQxcWjXu79yj04Olqv11Ep7QxRrq9VgYoazdXRejWYVXCW8Uf1qqjk3B0lw2R4FMf8bzwcxe\/jeIJPAzeThZpHf6yy3tlDXVJJknNgzKNeITd\/9mDsrArP0v1pZj0xK5AqeCp0ZmaK0c7pjRos6qIQ2BgAkKlBEp9MesLZ2Y9RFTnrH\/V6ON9znz\/qxafJsIdiorMcXyeT6ZD3Rlb+kO0F7bfui85EJ8nkZjQcsmx87lL08fTkJh4mY5aNhy5l0z838WQ0DU7BU6fSIfgmGY5PgnQ8dSn9ZDS8iePhMQvHQ6fhhOxRIzrpVvRoMrwZT4NofO5S9PhkeDMdhyTE53WPzzUd9dpXfXGvlDcDPm8POP9XN\/dFPBxeQ4Xw2BNHZw+P5NmuVj0u3EE1R3llrDUqQMTTULyJiZZqjyK2NMIKVH4rlygxuuUSqJyLypZ9JlWomGuiJIE3EcSj7AzxIlGv+OSYPv5TEu7R7y\/gCIgFMykUA3Z4qUWYPTRBAWZ2jIJNNILB+xpMSYMQEd1vyQhttAGhvTAM+dj1NOItc2Jr4KCAPiZ7qsFSIPlvxHDMnPZZSOZ07o4tJdge9lpWeaFM2rilDr9c2M2AP79ACXay2DS\/txTqiWSsa4h9Q80gDfw9kBlTMmcF6eaGYa1Jhz43P0zuWxbX8rbGuYCikuo+Pr5FkSeloERR1j5vSMWO4ZHwQBMDhu+WE42iwDW04HGKL50H8\/fsAIoEMnf7gXxD3myJClH6URzFSRSfTo6JoLN6jlzrVrVBY0B6PzeLysuFKm77lMCPiNFAbza4CG7m1gl+LAG5CG3gMUhP6g6IqPiqgPe5A9hxJmjLjAkaMcFsekzhPBo4rEWKwBmcOeG1kpgkmg0iP0zGqIcgnalbpCavJq4aaMTAbj+VnOVW\/I5dfgjoJ6PTZPwDQf+0O9D\/QtU7oB9gfgf6gQJ0CPp3txe0Xzf1NogG4N8A7EMpH3YqmgD\/BmAfkBMPXQonRjE5nnZLKBq9CfIJjjqG\/CCduMQtXaGnLqUToZgmo275RKM4cZXjUbd8oklC8IlkOuqWTwTRxCdG07\/FJ+ho7fGJ8Pg1PkHY8fQWphvSwK0U4QKAalEVWWgSZWpUXoZCT0jGs0fuu4Gs9HWY7aEhp\/4wVfRVA9JC2pQabZ6t0BiIsZ5HhHEyHLb9JysAGcpuSIfoZ5O61S93gZjHRw0ON\/373eldqgj9eKxGuBUGeQGEaZzHbbY5mDwYoggAqNAPN+NGGyaSiuYOPkJzDeC+fH01uFQWGAvYCqMvrOGB5CQZibLZ7NWrSPwK+6hfpR8ZmXYY2g4ruT0lG8IwMRJXPLYjfVyQiaVzfodHTX\/QtFTcmwdKRsh20k\/EsrwPJdc8fPI8eiGf7IZDPwL2RsPTJLGKEnD+49DvNOkO\/f5K42+D4Em3GPgXSnQIhQc7MCLG3QLiwQYBF5OOYfFgC0bHjrvtQxsYI4ddd8UHewSkHI87BsqDPQgvJ6fdwuWhEYSa025B8zBdCTsn3ULnwQaMoOPOAPRVbRiMqC3MZb3ybvuR+i3uVqih3Y2gqaNE90hwx9U\/FGr0dIA9v2slqUVpsONeqhbAAJ15dX+HV4rgZDfLDzcbB1cFsthrqJU4334EKO\/dzL2R2AqgmIcOeXedEeawABu5A0Bqz7k9pQaVttqZExrR24sabWoCG3Sm16SWxqst1jxuO3jLc221d8\/F9z48mZdOVFEW3bnLwvKjiufCNNjlCy9l0x0tuR1ww60uXPuES6+vLNbBvegndQEaUyh49LYJFveqppVnqGVf7a9Emw2r7vdDu1427boL\/nxcL2gzYk0s5VKh7zf0SIh\/ju8M3cF+pKtTmORpMPMx01k\/3B7RtVTTEFNaXNFSmmoY4i7e6jDeDpcFdH90ubuXUfsjfjYQwi36YLp\/K3W4Ed1bvev6aTBAgUr51usB5SQSzvGUgDp2vrUAFxvuBjyk\/We7oBC\/oJQKir5BT02siahJcwVggvZ7hgK9++G+M3A5is9T8m6I6H6wAz1s5iFG1WaDcLZDJlq\/H5H28jhE13CAsG4BW8ISVpIjuUsGJGiGw5CF21lFt3J0Pxh4I803bCm9rvh6a\/vfxYJiyPc4jcUXGv4FzXMNsV1o5rXPcxus5dRglswH618gww\/EAddqKli6b\/igbKNItawnvLQZsYz3KcjmsiesKh71TFWt+PYJdBQlwVple2dfnJZvHZL9enVBwzpyhwLptWHsZOVsyaG\/fP0fnCGvtFhuPxkTDOQw737NqUeAwYXkBOqGToJCDEbxIB5HyWk0jqOMyuzf98UhUd+rDaQwG0cOCCeU7Hjx8vfGynt1JGQUUuWyqjIw\/wtpfX6\/C8vaP1fgSo+SHS3LTSd2kQGtXR1Se5bZAYUv1VzTsW5JfDL+7hEW68ZktrnTuUva8fUtZ+eH7+bsX+z5vQw6CIxBcfBfwzU7EEis76ThNN9J+4JAYnnJKO6C5gWBRLrGJ0nLur5XYDB1Ov0WfUOs9tgbP90lb8\/07RT\/eYna7hyDAP1BE\/8Jx+1f4lDhuCo0kDSv1mGKbLLsPZ6sx7FQ74fvV4WcqbyiPxT66f8=\" \/><\/form> \t<div class=\"pdf24Plugin-cp-link\"> \t\t<a href=\"#\" onclick=\"var pdf24Win = window.open('about:blank', 'pdf24PopWin', 'resizable=yes,scrollbars=yes,width=600,height=250,left='+(screen.width\/2-300)+',top='+(screen.height\/3-125)+''); pdf24Win.focus(); document.pdf24Form0.submit(); if(typeof pdf24OnCreatePDF === 'function'){void(pdf24OnCreatePDF(this,pdf24Win));} return false;\">Diesen Beitrag als PDF herunterladen<\/a> \t<\/div> <\/div>","protected":false},"excerpt":{"rendered":"<p>Heute war nochmal richtig sch\u00f6nes Herbstwetter gemeldet. Das mussten wir einfach f\u00fcr eine Wanderung nutzen. Dieses Mal haben wir uns f\u00fcr eine Wanderung rund um den Mechernicher Bleiberg entschieden. Die Route gilt als sogenannter Panoramaweg und hier ist der Name wirklich Programm. Die Route war abwechslungsreich. Mal ging es durch den Wald, mal \u00fcber Felder, es gab Wasser zu sehen und nat\u00fcrlich gab es auch Einblicke in den Bergbau. \u00dcbrigens kann man diese Wanderung noch prima mit einem Besuch im [&hellip;]<\/p>\n","protected":false},"author":1,"featured_media":2184,"comment_status":"open","ping_status":"open","sticky":false,"template":"post-templates\/post_nosidebar.php","format":"standard","meta":{"ngg_post_thumbnail":0,"jetpack_post_was_ever_published":false,"_jetpack_newsletter_access":"","_jetpack_dont_email_post_to_subs":false,"_jetpack_newsletter_tier_id":0,"_jetpack_memberships_contains_paywalled_content":false,"_jetpack_memberships_contains_paid_content":false,"footnotes":"","jetpack_publicize_message":"","jetpack_publicize_feature_enabled":true,"jetpack_social_post_already_shared":true,"jetpack_social_options":{"image_generator_settings":{"template":"highway","default_image_id":0,"font":"","enabled":false},"version":2}},"categories":[109],"tags":[773,778,774,769,771,781,764,765,758,757,777,762,784,779,776,786,775,780,759,783,756,767,760,331,768,785,772,761,770,766,302,50,782,763],"class_list":["post-2181","post","type-post","status-publish","format-standard","has-post-thumbnail","hentry","category-outdoor-adventure","tag-773","tag-778","tag-6m-hoehe","tag-anstieg","tag-ausblick","tag-baltesbendener-weiher","tag-bergbau","tag-bergbaumuseum","tag-bergwerk","tag-bleiberg","tag-europas","tag-felder","tag-festungsbaumeister","tag-gesprengt","tag-hoechster-kamin","tag-kallmuther-berg","tag-kamin","tag-kaminfuss","tag-langer-emil","tag-malakow-turm","tag-mechernich","tag-ortsende","tag-panoramaweg","tag-route","tag-strasse","tag-tagebau","tag-wahrzeichen","tag-wald","tag-wanderer","tag-wandererparplatz","tag-wanderung","tag-wasser","tag-wasserreservoir","tag-weiher"],"jetpack_publicize_connections":[],"jetpack_featured_media_url":"https:\/\/www.marcelcuvelier.de\/wp-content\/uploads\/2020\/11\/20201031_130922cut-scaled.jpg","jetpack_shortlink":"https:\/\/wp.me\/p4qNjn-zb","jetpack_sharing_enabled":true,"jetpack_likes_enabled":true,"_links":{"self":[{"href":"https:\/\/www.marcelcuvelier.de\/index.php?rest_route=\/wp\/v2\/posts\/2181","targetHints":{"allow":["GET"]}}],"collection":[{"href":"https:\/\/www.marcelcuvelier.de\/index.php?rest_route=\/wp\/v2\/posts"}],"about":[{"href":"https:\/\/www.marcelcuvelier.de\/index.php?rest_route=\/wp\/v2\/types\/post"}],"author":[{"embeddable":true,"href":"https:\/\/www.marcelcuvelier.de\/index.php?rest_route=\/wp\/v2\/users\/1"}],"replies":[{"embeddable":true,"href":"https:\/\/www.marcelcuvelier.de\/index.php?rest_route=%2Fwp%2Fv2%2Fcomments&post=2181"}],"version-history":[{"count":16,"href":"https:\/\/www.marcelcuvelier.de\/index.php?rest_route=\/wp\/v2\/posts\/2181\/revisions"}],"predecessor-version":[{"id":2253,"href":"https:\/\/www.marcelcuvelier.de\/index.php?rest_route=\/wp\/v2\/posts\/2181\/revisions\/2253"}],"wp:featuredmedia":[{"embeddable":true,"href":"https:\/\/www.marcelcuvelier.de\/index.php?rest_route=\/wp\/v2\/media\/2184"}],"wp:attachment":[{"href":"https:\/\/www.marcelcuvelier.de\/index.php?rest_route=%2Fwp%2Fv2%2Fmedia&parent=2181"}],"wp:term":[{"taxonomy":"category","embeddable":true,"href":"https:\/\/www.marcelcuvelier.de\/index.php?rest_route=%2Fwp%2Fv2%2Fcategories&post=2181"},{"taxonomy":"post_tag","embeddable":true,"href":"https:\/\/www.marcelcuvelier.de\/index.php?rest_route=%2Fwp%2Fv2%2Ftags&post=2181"}],"curies":[{"name":"wp","href":"https:\/\/api.w.org\/{rel}","templated":true}]}}