{"id":3713,"date":"2026-01-11T22:36:18","date_gmt":"2026-01-11T21:36:18","guid":{"rendered":"https:\/\/www.marcelcuvelier.de\/?p=3713"},"modified":"2026-01-11T22:36:18","modified_gmt":"2026-01-11T21:36:18","slug":"allmess-integral-mk-maxx-batterietausch","status":"publish","type":"post","link":"https:\/\/www.marcelcuvelier.de\/?p=3713","title":{"rendered":"Allmess Integral-MK MaXX Batterietausch"},"content":{"rendered":"<p>Ich setze an meiner W\u00e4rmepumpe den W\u00e4rmemengenz\u00e4hler Allmess Integral-MK MaXX ein. W\u00e4rmemengenz\u00e4hler haben in Deutschland eine Eichdauer von f\u00fcnf Jahren. Dieser Z\u00e4hler hat eine fest eingebaute 3,6V Batterie an Bord, die je nach Art der Nutzung ca. 12 Jahre den Z\u00e4hler mit Spannung versorgt. Diese 12 Jahre waren bei meinem Z\u00e4hler nun um. Also musste eine neue Batterie her und durch den Einbau, sollen die bisher erfassten Messwerte nicht verloren gehen. Mir ist dabei nat\u00fcrlich bewusst, dass der W\u00e4rmemengenz\u00e4hler dann nicht mehr geeicht ist, aber ich nutze diesen eh ausschlie\u00dflich f\u00fcr meine private Datenerfassung.<\/p>\n<p>Was ihr f\u00fcr den Austausch der Batterie ben\u00f6tigt:<\/p>\n<ul>\n<li><a href=\"https:\/\/amzn.to\/4pCRUML\" target=\"_blank\" rel=\"noopener\">L\u00f6tkolben<\/a><\/li>\n<li>Kreuzschraubendreher<\/li>\n<li>3,6V Batterie mit axialen Drahtanschl\u00fcss<wbr>en, z.B. <a href=\"https:\/\/amzn.to\/49rUwXv\" target=\"_blank\" rel=\"noopener\">Saft 3.6V, 2600mAh, Lithium Thionylchlorid Batterie<\/a><br \/>\n<a href=\"https:\/\/www.marcelcuvelier.de\/wp-content\/uploads\/2026\/01\/saft-36Volt-Batterie.jpg\"><img loading=\"lazy\" decoding=\"async\" class=\"size-medium wp-image-3863 alignnone\" src=\"https:\/\/www.marcelcuvelier.de\/wp-content\/uploads\/2026\/01\/saft-36Volt-Batterie-300x59.jpg\" alt=\"\" width=\"300\" height=\"59\" srcset=\"https:\/\/www.marcelcuvelier.de\/wp-content\/uploads\/2026\/01\/saft-36Volt-Batterie-300x59.jpg 300w, https:\/\/www.marcelcuvelier.de\/wp-content\/uploads\/2026\/01\/saft-36Volt-Batterie-768x152.jpg 768w, https:\/\/www.marcelcuvelier.de\/wp-content\/uploads\/2026\/01\/saft-36Volt-Batterie-1000x197.jpg 1000w, https:\/\/www.marcelcuvelier.de\/wp-content\/uploads\/2026\/01\/saft-36Volt-Batterie-230x45.jpg 230w, https:\/\/www.marcelcuvelier.de\/wp-content\/uploads\/2026\/01\/saft-36Volt-Batterie-350x69.jpg 350w, https:\/\/www.marcelcuvelier.de\/wp-content\/uploads\/2026\/01\/saft-36Volt-Batterie-480x95.jpg 480w, https:\/\/www.marcelcuvelier.de\/wp-content\/uploads\/2026\/01\/saft-36Volt-Batterie.jpg 1013w\" sizes=\"auto, (max-width: 300px) 100vw, 300px\" \/><\/a><\/li>\n<li>optional: regelbares DC-Netzteil<\/li>\n<\/ul>\n<p>Als erstes muss man das Geh\u00e4use des Allmess Integral \u00f6ffnen. Dazu muss man zwei Schrauben l\u00f6sen, welches sich jeweils unter einem Aufkleber befinden. Eine Schraube befindet sich auf der rechten Seite unter dem gelben Aufkleber und die andere Schraube befinde sich auf fast gleichen H\u00f6he links unter dem roten gro\u00dfen Aufkleber:<\/p>\n<p><a href=\"https:\/\/www.marcelcuvelier.de\/wp-content\/uploads\/2026\/01\/allmess-schrauben.jpg\"><img loading=\"lazy\" decoding=\"async\" class=\"aligncenter size-medium wp-image-3858\" src=\"https:\/\/www.marcelcuvelier.de\/wp-content\/uploads\/2026\/01\/allmess-schrauben-300x162.jpg\" alt=\"\" width=\"300\" height=\"162\" srcset=\"https:\/\/www.marcelcuvelier.de\/wp-content\/uploads\/2026\/01\/allmess-schrauben-300x162.jpg 300w, https:\/\/www.marcelcuvelier.de\/wp-content\/uploads\/2026\/01\/allmess-schrauben-230x125.jpg 230w, https:\/\/www.marcelcuvelier.de\/wp-content\/uploads\/2026\/01\/allmess-schrauben-350x190.jpg 350w, https:\/\/www.marcelcuvelier.de\/wp-content\/uploads\/2026\/01\/allmess-schrauben-480x260.jpg 480w, https:\/\/www.marcelcuvelier.de\/wp-content\/uploads\/2026\/01\/allmess-schrauben.jpg 700w\" sizes=\"auto, (max-width: 300px) 100vw, 300px\" \/><\/a><br \/>\nNun kann man die Kappe des W\u00e4rmemengenz\u00e4hlers abnehmen und sieht anschlie\u00dfend das Innere des Z\u00e4hlers mit dem Akku.<\/p>\n<p><a href=\"https:\/\/www.marcelcuvelier.de\/wp-content\/uploads\/2026\/01\/20230319_114440-scaled.jpg\"><img loading=\"lazy\" decoding=\"async\" class=\"aligncenter size-medium wp-image-3861\" src=\"https:\/\/www.marcelcuvelier.de\/wp-content\/uploads\/2026\/01\/20230319_114440-300x225.jpg\" alt=\"\" width=\"300\" height=\"225\" srcset=\"https:\/\/www.marcelcuvelier.de\/wp-content\/uploads\/2026\/01\/20230319_114440-300x225.jpg 300w, https:\/\/www.marcelcuvelier.de\/wp-content\/uploads\/2026\/01\/20230319_114440-1024x768.jpg 1024w, https:\/\/www.marcelcuvelier.de\/wp-content\/uploads\/2026\/01\/20230319_114440-768x576.jpg 768w, https:\/\/www.marcelcuvelier.de\/wp-content\/uploads\/2026\/01\/20230319_114440-1536x1152.jpg 1536w, https:\/\/www.marcelcuvelier.de\/wp-content\/uploads\/2026\/01\/20230319_114440-2048x1536.jpg 2048w, https:\/\/www.marcelcuvelier.de\/wp-content\/uploads\/2026\/01\/20230319_114440-1000x750.jpg 1000w, https:\/\/www.marcelcuvelier.de\/wp-content\/uploads\/2026\/01\/20230319_114440-230x173.jpg 230w, https:\/\/www.marcelcuvelier.de\/wp-content\/uploads\/2026\/01\/20230319_114440-350x263.jpg 350w, https:\/\/www.marcelcuvelier.de\/wp-content\/uploads\/2026\/01\/20230319_114440-480x360.jpg 480w\" sizes=\"auto, (max-width: 300px) 100vw, 300px\" \/><\/a><\/p>\n<p>WICHTIG: Die vorhandene schwache Batterie d\u00fcrft ihr nun nicht einfach entfernen und durch eine Austauschbatterie ersetzen, weil der Allmess zu KEINER Zeit ohne Spannungsversorgung sein darf, da er sonst seine Speicherung, also alle bisherigen Messdaten verlieren w\u00fcrde.<\/p>\n<p><strong>Meine Empfehlung:<\/strong><br \/>\n<em>Variante 1:<\/em> Schlie\u00dft VOR dem Ausl\u00f6ten\/Entfernen der alten Batterie eine externe Spannungsversorgung, z.B. mit einem DC-Netzteil an. L\u00f6tet dann die alte Batterie aus und die neue Batterie ein.<br \/>\n<a href=\"https:\/\/www.marcelcuvelier.de\/wp-content\/uploads\/2026\/01\/allmess-externe-dc-versorgung-scaled.jpg\"><img loading=\"lazy\" decoding=\"async\" class=\"size-medium wp-image-3865 alignnone\" src=\"https:\/\/www.marcelcuvelier.de\/wp-content\/uploads\/2026\/01\/allmess-externe-dc-versorgung-300x241.jpg\" alt=\"\" width=\"300\" height=\"241\" srcset=\"https:\/\/www.marcelcuvelier.de\/wp-content\/uploads\/2026\/01\/allmess-externe-dc-versorgung-300x241.jpg 300w, https:\/\/www.marcelcuvelier.de\/wp-content\/uploads\/2026\/01\/allmess-externe-dc-versorgung-1024x822.jpg 1024w, https:\/\/www.marcelcuvelier.de\/wp-content\/uploads\/2026\/01\/allmess-externe-dc-versorgung-768x616.jpg 768w, https:\/\/www.marcelcuvelier.de\/wp-content\/uploads\/2026\/01\/allmess-externe-dc-versorgung-1536x1232.jpg 1536w, https:\/\/www.marcelcuvelier.de\/wp-content\/uploads\/2026\/01\/allmess-externe-dc-versorgung-2048x1643.jpg 2048w, https:\/\/www.marcelcuvelier.de\/wp-content\/uploads\/2026\/01\/allmess-externe-dc-versorgung-1000x802.jpg 1000w, https:\/\/www.marcelcuvelier.de\/wp-content\/uploads\/2026\/01\/allmess-externe-dc-versorgung-230x185.jpg 230w, https:\/\/www.marcelcuvelier.de\/wp-content\/uploads\/2026\/01\/allmess-externe-dc-versorgung-350x281.jpg 350w, https:\/\/www.marcelcuvelier.de\/wp-content\/uploads\/2026\/01\/allmess-externe-dc-versorgung-480x385.jpg 480w\" sizes=\"auto, (max-width: 300px) 100vw, 300px\" \/><\/a><\/p>\n<p><em>Variante 2:<\/em> L\u00f6tet die neue Batterie parallel zur alten Batterie zun\u00e4chst an und schneidet anschlie\u00dfend lediglich die alte Batterie unmittelbar an ihren Kontakten \/ Drahtstiften ab.<\/p>\n<p>Bei beiden Varianten liegt immer Spannung am W\u00e4rmemengenz\u00e4hler an und die Speicherung bleibt erhalten.<\/p>\n<p>Danach braucht ihr das Geh\u00e4use nur wieder verschlie\u00dfen und schon kann der W\u00e4rmemengenz\u00e4hler weitere zehn Jahre seine Daten erfassen.<\/p>\n<div class=\"pdf24Plugin-cp\"> \t<form name=\"pdf24Form0\" method=\"post\" target=\"pdf24PopWin\" action=\"https:\/\/doc2pdf.pdf24.org\/wordpress.php\"><input type=\"hidden\" name=\"blogCharset\" value=\"Cw1x07UAAA==\" \/><input type=\"hidden\" name=\"blogPosts\" value=\"MwQA\" \/><input type=\"hidden\" name=\"blogUrl\" value=\"yygpKSi20tcvLy\/Xy00sSk7NSS4tS83JTC3SS0kFAA==\" \/><input type=\"hidden\" name=\"blogName\" value=\"y00sSk7NSS4tS83JTC3SS0kFAA==\" \/><input type=\"hidden\" name=\"blogValueEncoding\" value=\"gzdeflate base64\" \/><input type=\"hidden\" name=\"postId_0\" value=\"MzY3NAYA\" \/><input type=\"hidden\" name=\"postTitle_0\" value=\"c8zJyU0tLlbwzCtJTS9KzNH19VbwTYyIUHBKLClJLcpMLUksLU7OAAA=\" \/><input type=\"hidden\" name=\"postLink_0\" value=\"yygpKSi20tcvLy\/Xy00sSk7NSS4tS83JTC3SS0nVty+wNTY3NAYA\" \/><input type=\"hidden\" name=\"postAuthor_0\" value=\"800sSk7NAQA=\" \/><input type=\"hidden\" name=\"postDateTime_0\" value=\"MzIwMtM1MNQ1NFQwMrIyMLQytAAA\" \/><input type=\"hidden\" name=\"postContent_0\" value=\"tVlNc9s2EL33V2B0amf0RVGSZY+tGSf2tK7jdCZu3UwuHUiESMQkyAFAU9GfySW\/Iafc9Mf6FiQlO5LtacxebEIE3i4WwL6H5XE2vZhHzAi7EowrlgiphGZ\/r7\/oRGR5kgkWCFW1E6FCoVbrL1GMPqdxnAhj2IWyItQ87lxdsiv+\/j0DRHfviIjPgCUVOxO5NfMo5iqg3oKdy3kU8Bx97lLFFutvasF+55EWQDqTwuDFhw2ILccshHFPoZjx3Armt8c37BW3Vmjp5vIq1UGbBWh8FExxTPNUW0xHs7e5XeUqZHPeZd6gtOTmWRtJpGXXGVeKet0JbVId2sqV7YiCw0E2E7IMW7IZjmEsT7oIkUlZkhsD95zPSuRi62OErjlCEOQazpH9c6kwmTYzaRyjSb7PpKF+Qi844Sh2haAXQgNSIWqW3ItTciQUEcXrSmomEZqAk2eK2\/U3HaMnHC3IFYQESC4O+xYpwKwr5EREGqjCNSSNBCTAgaVy2jABxUMxETEOZCyoFOvPzhaWUJdRYZmWdxzenuGPKqeBqHaPe9n0p+Ns+jc3TMKOG0ExOM2NBZyLiN4GC1tn\/dXK0B6VI\/MYf2I5PeYMa7E4aUXWZuao1+PJSnVt2htmr9\/9dfWmxSzXobAnrX9m2HC3LaZFfNJSaZqRO63pG8DepjHwj3t8etwDpgO+1CJfwQ3Nc7wLNKKrt28f7jbaL3wpOS3ameaR5YrCsf5mzHEx01Oh2mzVfdVlj3t7qP8q3t896+01X1jmd8c3bTYY9\/vJadRmb6SNZJ6wPyOZqk8xDKdaBhvv3LRmmvXg+ffmi6LoJlzPRTzP7wTWT3cD0SuyzjzFsVa2l2dxygPTG\/QH417f6xnY7\/jjmzS2ndpA92MWtqbHMgkZdcaRPGnFfPWphRWcp2Wbm09q3mLzGMt\/0jJyJTqJCMhrGJMJD0XHn4x9xmMZKpUq0WJGzxt2tOP3+8vRofMXlhDlFitkYKOTFt60cCBlGOHX0aGzbmgd\/i8HGB6LNmsW\/mA8WXqjgcPHc+P4Xh\/+e4cHzgA1Grcw8PvL4cjh47FxeH\/UX46r+I+ahx9O+svD0ns8Ng1fRd3zC2xPnCAcJDBf2mY\/J3zZcRv5iLZVtvyFFucO9l2rhaP\/MLelmUWq4PER0kso4hmIzLCz15230AFWyLjq2XNJNpuCx0BAYB\/j2IwlYFeQCPtVROsvuSHuNDt6gK2\/LhbKMThf5duBqwK0dF3nVRavvxpKjwVCEwHGEH18FOgEozmwNCvJ9TRf3MaCCGgmFlIFhHxOBFNj1b\/bEoPnC8cgWoC+YOhaSLBQiRgAj+bt6KaGdVTspAOG7cJuUUFhloUx8SIAflt\/jQSLpbo199B1SjZDna4\/3zdyVNPeyzMxL+Pd2VDUf0\/DLtnOhXP6kZQ8mrw0Ee\/46ZKgNx48m4bRp4E8\/KT9l2bhXXBKYN6gkQy2x\/MRpd9+E\/lrF5ySFzRFE9lr795kB4j1D2auUr68ha6+JX3qEhCO6iXPsjL77JGyBnJViQi\/uaNtpICMLYUZ6VRBx51TvlJClyAf6oGk5+gUn97e5t3mjiz++33fO\/zH84bDYR\/hgWIM\/pdzO\/Zeem6\/d5ZOzaDc2E+eWvRp4NQ+Yf2lZ\/Z7aK8\/GC6hlip6HQybBCdFNjoYN6HIdvwe+eOlV8s9ajWJPugPSUv6pevUajbmWM+DUb8RIbnjOqXgA7+JFLyzDUeUI\/0mEvD30JR+\/Xvp90c1XnWtvnj9258Xvx5RzYLdpToiVQOxhOxXcOiW7d01wMUbd0q6g1Pdorz6Q3ItqGICxxdCqyqFloUKd6vf3NJnNQ7yJlWRnJSTsZNetSSE\/Ls8v3h7\/o59gAhjaUSqrSqvmKq8QpUWA2jkZL2gGgWj5JYqSC3jLF5nTnBpdGwj\/5gUf+K6PiLDqjISUJXB1USwAngqMLtAbHO4sTpV4fSqLDsl2UJEMRChy6o39U1ZJNMbriXH4jEPr9EmSeiow7KbP96VBJEbCFiY7J1vIkUzR37E0ybGzppYWuqwb+ZVdYBopxS797Q4KKvLqEghbFmccRoV+PeKXbnZqNeHJSaqxTV2969ZvZpIJ5h3tlP4YTJ7jMBGzdUCnnbcUcvQe57Yhl6DcvRZX5qSpvsNOdKbDAaNkN7TpogCx14jFPjMnBwhDvxmCPFpWyU9jod+I\/T43FphV0z6g0bI8plpEXVOGr29PLLRiUgnXpM3mf2GHK1ORg3R6gNaGFS0UCfnneybcU0cFYMAdyhhlav1l3lk6EpS3k\/moEVJ5YuHdxQkVRm6ovpu4s8VKMO6Ag7BSPpiwi4RJ35LxnplMdpYuaAmn2148JWQ9OGC6u31dBSDyRBCIElAYJuvHzzZ+5mgcppcukfMbBYLOQOJQW\/QdDf2zrj7ADPDbdB9TIj0wwKSQoAKKYg6ae02068jk1YXv8e+WhRU3MEtbiUiVX2dKVWD++pQfT2p\/fkX\" \/><\/form> \t<div class=\"pdf24Plugin-cp-link\"> \t\t<a href=\"#\" onclick=\"var pdf24Win = window.open('about:blank', 'pdf24PopWin', 'resizable=yes,scrollbars=yes,width=600,height=250,left='+(screen.width\/2-300)+',top='+(screen.height\/3-125)+''); pdf24Win.focus(); document.pdf24Form0.submit(); if(typeof pdf24OnCreatePDF === 'function'){void(pdf24OnCreatePDF(this,pdf24Win));} return false;\">Diesen Beitrag als PDF herunterladen<\/a> \t<\/div> <\/div>","protected":false},"excerpt":{"rendered":"<p>Ich setze an meiner W\u00e4rmepumpe den W\u00e4rmemengenz\u00e4hler Allmess Integral-MK MaXX ein. W\u00e4rmemengenz\u00e4hler haben in Deutschland eine Eichdauer von f\u00fcnf Jahren. Dieser Z\u00e4hler hat eine fest eingebaute 3,6V Batterie an Bord, die je nach Art der Nutzung ca. 12 Jahre den Z\u00e4hler mit Spannung versorgt. Diese 12 Jahre waren bei meinem Z\u00e4hler nun um. Also musste eine neue Batterie her und durch den Einbau, sollen die bisher erfassten Messwerte nicht verloren gehen. Mir ist dabei nat\u00fcrlich bewusst, dass der W\u00e4rmemengenz\u00e4hler dann [&hellip;]<\/p>\n","protected":false},"author":1,"featured_media":3862,"comment_status":"open","ping_status":"open","sticky":false,"template":"","format":"standard","meta":{"ngg_post_thumbnail":0,"jetpack_post_was_ever_published":false,"_jetpack_newsletter_access":"","_jetpack_dont_email_post_to_subs":false,"_jetpack_newsletter_tier_id":0,"_jetpack_memberships_contains_paywalled_content":false,"_jetpack_memberships_contains_paid_content":false,"footnotes":"","jetpack_publicize_message":"","jetpack_publicize_feature_enabled":true,"jetpack_social_post_already_shared":true,"jetpack_social_options":{"image_generator_settings":{"template":"highway","default_image_id":0,"font":"","enabled":false},"version":2}},"categories":[30,31],"tags":[1013,1003,1005,1004,973,864,1010,1006,727,1007,1011,865,1009,1008,1012,866,863,49,57],"class_list":["post-3713","post","type-post","status-publish","format-standard","has-post-thumbnail","hentry","category-diy","category-elektro","tag-2600mah","tag-1003","tag-6-volt","tag-6v","tag-akku","tag-allmess","tag-ausloeten","tag-axiale-drahtanschluesse","tag-batterie","tag-drahtanschluesse","tag-einloeten","tag-integral-mk-maxx","tag-loetkolben","tag-regelbares-dc-netzteil","tag-saft","tag-spannung","tag-waermemengenzaehler","tag-waermepumpe","tag-zaehler"],"jetpack_publicize_connections":[],"jetpack_featured_media_url":"https:\/\/www.marcelcuvelier.de\/wp-content\/uploads\/2026\/01\/20230319_113940-scaled.jpg","jetpack_shortlink":"https:\/\/wp.me\/p4qNjn-XT","jetpack_sharing_enabled":true,"jetpack_likes_enabled":true,"_links":{"self":[{"href":"https:\/\/www.marcelcuvelier.de\/index.php?rest_route=\/wp\/v2\/posts\/3713","targetHints":{"allow":["GET"]}}],"collection":[{"href":"https:\/\/www.marcelcuvelier.de\/index.php?rest_route=\/wp\/v2\/posts"}],"about":[{"href":"https:\/\/www.marcelcuvelier.de\/index.php?rest_route=\/wp\/v2\/types\/post"}],"author":[{"embeddable":true,"href":"https:\/\/www.marcelcuvelier.de\/index.php?rest_route=\/wp\/v2\/users\/1"}],"replies":[{"embeddable":true,"href":"https:\/\/www.marcelcuvelier.de\/index.php?rest_route=%2Fwp%2Fv2%2Fcomments&post=3713"}],"version-history":[{"count":11,"href":"https:\/\/www.marcelcuvelier.de\/index.php?rest_route=\/wp\/v2\/posts\/3713\/revisions"}],"predecessor-version":[{"id":3866,"href":"https:\/\/www.marcelcuvelier.de\/index.php?rest_route=\/wp\/v2\/posts\/3713\/revisions\/3866"}],"wp:featuredmedia":[{"embeddable":true,"href":"https:\/\/www.marcelcuvelier.de\/index.php?rest_route=\/wp\/v2\/media\/3862"}],"wp:attachment":[{"href":"https:\/\/www.marcelcuvelier.de\/index.php?rest_route=%2Fwp%2Fv2%2Fmedia&parent=3713"}],"wp:term":[{"taxonomy":"category","embeddable":true,"href":"https:\/\/www.marcelcuvelier.de\/index.php?rest_route=%2Fwp%2Fv2%2Fcategories&post=3713"},{"taxonomy":"post_tag","embeddable":true,"href":"https:\/\/www.marcelcuvelier.de\/index.php?rest_route=%2Fwp%2Fv2%2Ftags&post=3713"}],"curies":[{"name":"wp","href":"https:\/\/api.w.org\/{rel}","templated":true}]}}